{"id":26303,"date":"2026-09-01T22:59:23","date_gmt":"2026-09-02T01:59:23","guid":{"rendered":"https:\/\/www.revistarescatados.com.ar\/web\/?p=26303"},"modified":"2026-09-01T22:59:23","modified_gmt":"2026-09-02T01:59:23","slug":"borla-pide-precisiones-sobre-la-instalacion-de-peaje-en-gobernador-crespo","status":"publish","type":"post","link":"https:\/\/www.revistarescatados.com.ar\/web\/2026\/09\/01\/borla-pide-precisiones-sobre-la-instalacion-de-peaje-en-gobernador-crespo\/","title":{"rendered":"Borla pide precisiones sobre la instalaci\u00f3n de peaje en Gobernador Crespo"},"content":{"rendered":"<p><strong>El Senador Provincial por el Departamento San Justo, Rodrigo Borla, present\u00f3 un pedido de informes que fue aprobado en la sesi\u00f3n ordinaria n\u00famero 13 de la C\u00e1mara Alta de la Legislatura Santafesina. Adem\u00e1s entreg\u00f3 aportes para restaurar el avi\u00f3n del Aeroclub de esa localidad.<\/strong><br \/>\n<img loading=\"lazy\" class=\"aligncenter size-full wp-image-13141\" src=\"http:\/\/www.revistarescatados.com.ar\/web\/wp-content\/uploads\/2021\/03\/Gobenador-Crespo.jpg\" alt=\"\" width=\"1024\" height=\"768\" srcset=\"https:\/\/www.revistarescatados.com.ar\/web\/wp-content\/uploads\/2021\/03\/Gobenador-Crespo.jpg 1024w, https:\/\/www.revistarescatados.com.ar\/web\/wp-content\/uploads\/2021\/03\/Gobenador-Crespo-300x225.jpg 300w, https:\/\/www.revistarescatados.com.ar\/web\/wp-content\/uploads\/2021\/03\/Gobenador-Crespo-768x576.jpg 768w\" sizes=\"(max-width: 1024px) 100vw, 1024px\" \/><br \/>\nConcretamente, el proyecto solicita a la Direcci\u00f3n Nacional de Vialidad, a la Secretar\u00eda de Transporte del Ministerio de Econom\u00eda y\/o al organismo nacional que resulte competente, que informe, con relaci\u00f3n a la estaci\u00f3n de peaje prevista en la ruta N\u00b0 11 a la altura de la localidad de Gobernador Crespo, departamento San Justo, provincia de Santa Fe, en el marco de la Licitaci\u00f3n P\u00fablica Nacional e Internacional de etapa m\u00faltiple N\u00b0 504-0001-LPU26, Red Federal de Concesiones &#8211; Etapa III, Resoluci\u00f3n 174\/2026, y de su posterior adjudicaci\u00f3n, lo siguiente:<\/p>\n<p>a) Cu\u00e1l es el estado actual del procedimiento de adjudicaci\u00f3n del Tramo Chaco-Santa Fe.<br \/>\nb) Cu\u00e1l es el cronograma previsto para la ejecuci\u00f3n de las Obras Iniciales de Puesta en Valor correspondientes al tramo de la Ruta Nacional No 11 comprendido en el departamento San Justo, indicando fecha estimada de inicio, de finalizaci\u00f3n y de habilitaci\u00f3n del cobro.<br \/>\nc) Cu\u00e1les son las condiciones t\u00e9cnicas y operativas que deber\u00e1n encontrarse cumplidas con car\u00e1cter previo a la habilitaci\u00f3n efectiva del cobro del peaje previsto en jurisdicci\u00f3n de Gobernador Crespo, y qu\u00e9 organismo tendr\u00e1 a su cargo la verificaci\u00f3n y certificaci\u00f3n de su cumplimiento.<br \/>\nd) Si se contempla alg\u00fan r\u00e9gimen de exenci\u00f3n, bonificaci\u00f3n, tarifa diferencial, abono o beneficio para usuarios frecuentes o para aquellos que desarrollen actividades que impliquen el tr\u00e1nsito habitual y estrictamente local por la estaci\u00f3n de peaje, tales como vecinos de localidades pr\u00f3ximas, productores agropecuarios, trabajadores, transporte escolar, prestadores de servicios u otras actividades vinculadas con la vida econ\u00f3mica y social del departamento San Justo.<br \/>\ne) Si se ha realizado una evaluaci\u00f3n espec\u00edfica del impacto econ\u00f3mico y social que tendr\u00e1 la instalaci\u00f3n de la estaci\u00f3n de peaje de Gobernador Crespo sobre los usuarios que utilizan habitualmente la Ruta Nacional No 11 para desplazamientos laborales, productivos, comerciales, educativos, sanitarios y de servicios dentro del departamento San Justo, indicando si existen estudios o informes al respecto y remitiendo copia de los mismos.<br \/>\nf) Qu\u00e9 mecanismos de articulaci\u00f3n y coordinaci\u00f3n institucional se encuentran previstos entre la autoridad nacional competente, la concesionaria y los gobiernos locales del departamento San Justo para atender cuestiones vinculadas con la seguridad vial, circulaci\u00f3n, accesibilidad, emergencias y ejecuci\u00f3n de obras durante el per\u00edodo de concesi\u00f3n.<br \/>\ng) Si se encuentran previstas, adem\u00e1s de las obras iniciales de puesta en valor establecidas en la documentaci\u00f3n licitatoria, obras complementarias de seguridad vial, mejoras de accesos, se\u00f1alizaci\u00f3n, iluminaci\u00f3n, obras hidr\u00e1ulicas, ordenamiento de la circulaci\u00f3n u otras intervenciones espec\u00edficas en la zona de Gobernador Crespo y en las localidades del departamento San Justo atravesadas por la Ruta Nacional No 11, indicando su alcance y oportunidad de ejecuci\u00f3n.<br \/>\nh) Cu\u00e1l ser\u00e1 el procedimiento previsto para la recepci\u00f3n, registro, seguimiento y resoluci\u00f3n de reclamos formulados por los usuarios de la Ruta Nacional N\u00b0 11, indicando los canales habilitados para su presentaci\u00f3n y el organismo encargado de supervisar su atenci\u00f3n.<br \/>\ni) Qu\u00e9 mecanismo se utilizar\u00e1 para determinar y documentar el estado de conservaci\u00f3n y transitabilidad de la Ruta Nacional No 11 en el departamento San Justo al momento de la toma de posesi\u00f3n por parte de la concesionaria, y si se elaborar\u00e1 un relevamiento o acta de estado inicial del corredor.<br \/>\nj) Toda otra informaci\u00f3n y documentaci\u00f3n que resulte de inter\u00e9s para conocer el impacto y las condiciones de implementaci\u00f3n del nuevo r\u00e9gimen de concesi\u00f3n y cobro de peaje en el Departamento San Justo.<\/p>\n<p>&nbsp;<\/p>\n<h2><strong>Aportes para restaurar el avi\u00f3n del Aeroclub de Gobernador Crespo<\/strong><\/h2>\n<p><strong>Esa es la finalidad del aporte del gobierno de la provincia de Santa Fe que el Senador Rodrigo Borla entreg\u00f3 en el transcurso de los \u00faltimos d\u00edas a los miembros de la comisi\u00f3n directiva de la entidad de esa localidad del departamento San Justo.<\/strong><\/p>\n<p><img loading=\"lazy\" class=\"aligncenter size-large wp-image-26304\" src=\"http:\/\/www.revistarescatados.com.ar\/web\/wp-content\/uploads\/2026\/09\/AEROCLUB-CRSPO-1024x768.jpg\" alt=\"\" width=\"1024\" height=\"768\" srcset=\"https:\/\/www.revistarescatados.com.ar\/web\/wp-content\/uploads\/2026\/09\/AEROCLUB-CRSPO-1024x768.jpg 1024w, https:\/\/www.revistarescatados.com.ar\/web\/wp-content\/uploads\/2026\/09\/AEROCLUB-CRSPO-300x225.jpg 300w, https:\/\/www.revistarescatados.com.ar\/web\/wp-content\/uploads\/2026\/09\/AEROCLUB-CRSPO-768x576.jpg 768w, https:\/\/www.revistarescatados.com.ar\/web\/wp-content\/uploads\/2026\/09\/AEROCLUB-CRSPO.jpg 1280w\" sizes=\"(max-width: 1024px) 100vw, 1024px\" \/><\/p>\n<p>Tambi\u00e9n en Gobernador Crespo el legislador radical que preside el bloque unidos en el Senado estuvo con las autoridades del Club Belgrano a qui\u00e9nes hizo entrega de fondos para colaborar con la compra de juegos infantiles destinados al espacio multidisciplinario inaugurado recientemente.<\/p>\n<p><strong>Por La Criolla.<\/strong><\/p>\n<p>Rodrigo Borla realiz\u00f3 varias actividades junto al Presidente Comunal de la localidad Polo Fern\u00e1ndez. Una de ellas fue la reuni\u00f3n que mantuvo con las autoridades de la Biblioteca Popular \u201cLuis Landriscina\u201d debido al trabajo conjunto que se viene haciendo y que se trata concretamente en realizar todas las gestiones necesarias para lograr que el edificio de la ex fundaci\u00f3n Banco Bica pase a ser propiedad de esta instituci\u00f3n.<\/p>\n<p>&nbsp;<\/p>\n<p>Luego, Borla y Fern\u00e1ndez encabezaron en las instalaciones del museo de La Criolla un encuentro con varios referentes de instituciones del distrito y finalmente en dependencias del jard\u00edn de nivel inicial de esa poblaci\u00f3n participaron de una jornada especial vinculada con el cierre del mes de las infancias.<\/p>\n<p>&nbsp;<\/p>\n","protected":false},"excerpt":{"rendered":"<p>El Senador Provincial por el Departamento San Justo, Rodrigo Borla, present\u00f3 un pedido de informes que fue aprobado en la sesi\u00f3n ordinaria n\u00famero 13 de la C\u00e1mara Alta de la Legislatura Santafesina.&#46;&#46;&#46;<\/p>\n","protected":false},"author":1,"featured_media":26304,"comment_status":"closed","ping_status":"closed","sticky":false,"template":"","format":"standard","meta":[],"categories":[4,16,13,14,8],"tags":[],"_links":{"self":[{"href":"https:\/\/www.revistarescatados.com.ar\/web\/wp-json\/wp\/v2\/posts\/26303"}],"collection":[{"href":"https:\/\/www.revistarescatados.com.ar\/web\/wp-json\/wp\/v2\/posts"}],"about":[{"href":"https:\/\/www.revistarescatados.com.ar\/web\/wp-json\/wp\/v2\/types\/post"}],"author":[{"embeddable":true,"href":"https:\/\/www.revistarescatados.com.ar\/web\/wp-json\/wp\/v2\/users\/1"}],"replies":[{"embeddable":true,"href":"https:\/\/www.revistarescatados.com.ar\/web\/wp-json\/wp\/v2\/comments?post=26303"}],"version-history":[{"count":1,"href":"https:\/\/www.revistarescatados.com.ar\/web\/wp-json\/wp\/v2\/posts\/26303\/revisions"}],"predecessor-version":[{"id":26305,"href":"https:\/\/www.revistarescatados.com.ar\/web\/wp-json\/wp\/v2\/posts\/26303\/revisions\/26305"}],"wp:featuredmedia":[{"embeddable":true,"href":"https:\/\/www.revistarescatados.com.ar\/web\/wp-json\/wp\/v2\/media\/26304"}],"wp:attachment":[{"href":"https:\/\/www.revistarescatados.com.ar\/web\/wp-json\/wp\/v2\/media?parent=26303"}],"wp:term":[{"taxonomy":"category","embeddable":true,"href":"https:\/\/www.revistarescatados.com.ar\/web\/wp-json\/wp\/v2\/categories?post=26303"},{"taxonomy":"post_tag","embeddable":true,"href":"https:\/\/www.revistarescatados.com.ar\/web\/wp-json\/wp\/v2\/tags?post=26303"}],"curies":[{"name":"wp","href":"https:\/\/api.w.org\/{rel}","templated":true}]}}