{"id":26307,"date":"2026-09-01T23:29:23","date_gmt":"2026-09-02T02:29:23","guid":{"rendered":"https:\/\/www.revistarescatados.com.ar\/web\/?p=26307"},"modified":"2026-09-01T23:29:23","modified_gmt":"2026-09-02T02:29:23","slug":"anuncian-millonarios-aportes-del-fondo-de-financiamiento-educativo-para-el-departamento-vera","status":"publish","type":"post","link":"https:\/\/www.revistarescatados.com.ar\/web\/2026\/09\/01\/anuncian-millonarios-aportes-del-fondo-de-financiamiento-educativo-para-el-departamento-vera\/","title":{"rendered":"Anuncian millonarios aportes del Fondo de Financiamiento Educativo para el departamento Vera"},"content":{"rendered":"<p><strong>Las 13 localidades del departamento Vera recibir\u00e1n un total de $1.202.398.138,72 en concepto del Fondo de Financiamiento Educativo, de acuerdo con la distribuci\u00f3n establecida para el a\u00f1o 2026 por el Gobierno de la Provincia de Santa Fe.<\/strong><\/p>\n<p><img loading=\"lazy\" class=\"aligncenter size-large wp-image-10575\" src=\"http:\/\/www.revistarescatados.com.ar\/web\/wp-content\/uploads\/2020\/08\/DEPARTAMENTO-VERA-1024x537.png\" alt=\"\" width=\"1024\" height=\"537\" srcset=\"https:\/\/www.revistarescatados.com.ar\/web\/wp-content\/uploads\/2020\/08\/DEPARTAMENTO-VERA-1024x537.png 1024w, https:\/\/www.revistarescatados.com.ar\/web\/wp-content\/uploads\/2020\/08\/DEPARTAMENTO-VERA-300x157.png 300w, https:\/\/www.revistarescatados.com.ar\/web\/wp-content\/uploads\/2020\/08\/DEPARTAMENTO-VERA-768x403.png 768w, https:\/\/www.revistarescatados.com.ar\/web\/wp-content\/uploads\/2020\/08\/DEPARTAMENTO-VERA.png 1033w\" sizes=\"(max-width: 1024px) 100vw, 1024px\" \/><br \/>\nLos recursos ser\u00e1n destinados a las distintas localidades del departamento y representan una herramienta fundamental para acompa\u00f1ar las necesidades de las comunidades educativas, permitiendo atender cuestiones vinculadas con infraestructura, mantenimiento y equipamiento para las escuelas.<\/p>\n<p>\u201cEsta inversi\u00f3n demuestra el compromiso concreto del Gobierno provincial con la educaci\u00f3n y con cada una de las comunidades del Departamento Vera. Es fundamental que estos recursos se traduzcan en soluciones concretas y que lleguen a cada localidad para acompa\u00f1ar las necesidades de nuestros alumnos, docentes y escuelas\u201d, destac\u00f3 la funcionaria Provincial Juliana Caillat.<\/p>\n<p>De acuerdo con la distribuci\u00f3n oficial, los montos asignados a cada localidad son:<br \/>\n\u2022 Vera: $251.693.725,22<br \/>\n\u2022 Calchaqu\u00ed: $203.320.369,43<br \/>\n\u2022 Fort\u00edn Olmos: $116.076.990,51<br \/>\n\u2022 La Gallareta: $95.078.132,88<br \/>\n\u2022 Margarita: $156.560.338,84<br \/>\n\u2022 Toba: $40.760.572,65<br \/>\n\u2022 Ca\u00f1ada Omb\u00fa: $40.469.391,02<br \/>\n\u2022 Garabato: $69.442.743,04<br \/>\n\u2022 Golondrina: $26.751.692,22<br \/>\n\u2022 Intiyaco: $56.633.561,62<br \/>\n\u2022 Los Amores: $49.585.428,99<br \/>\n\u2022 Tartagal: $68.021.301,73<br \/>\n\u2022 Los Tabanos: $28.003.890,57<\/p>\n<p>En total, el Departamento Vera recibir\u00e1 $1.202.398.138,72, distribuidos entre las 13 localidades que integran el departamento.<\/p>\n<p>La asignaci\u00f3n forma parte de la distribuci\u00f3n provincial del Fondo de Financiamiento Educativo correspondiente al a\u00f1o 2026, establecido mediante el Decreto 2026-00001476-APPSF-PE.<\/p>\n<p>&nbsp;<\/p>\n<p>&nbsp;<\/p>\n","protected":false},"excerpt":{"rendered":"<p>Las 13 localidades del departamento Vera recibir\u00e1n un total de $1.202.398.138,72 en concepto del Fondo de Financiamiento Educativo, de acuerdo con la distribuci\u00f3n establecida para el a\u00f1o 2026 por el Gobierno de&#46;&#46;&#46;<\/p>\n","protected":false},"author":1,"featured_media":10575,"comment_status":"closed","ping_status":"closed","sticky":false,"template":"","format":"standard","meta":[],"categories":[3,16,13],"tags":[],"_links":{"self":[{"href":"https:\/\/www.revistarescatados.com.ar\/web\/wp-json\/wp\/v2\/posts\/26307"}],"collection":[{"href":"https:\/\/www.revistarescatados.com.ar\/web\/wp-json\/wp\/v2\/posts"}],"about":[{"href":"https:\/\/www.revistarescatados.com.ar\/web\/wp-json\/wp\/v2\/types\/post"}],"author":[{"embeddable":true,"href":"https:\/\/www.revistarescatados.com.ar\/web\/wp-json\/wp\/v2\/users\/1"}],"replies":[{"embeddable":true,"href":"https:\/\/www.revistarescatados.com.ar\/web\/wp-json\/wp\/v2\/comments?post=26307"}],"version-history":[{"count":1,"href":"https:\/\/www.revistarescatados.com.ar\/web\/wp-json\/wp\/v2\/posts\/26307\/revisions"}],"predecessor-version":[{"id":26308,"href":"https:\/\/www.revistarescatados.com.ar\/web\/wp-json\/wp\/v2\/posts\/26307\/revisions\/26308"}],"wp:featuredmedia":[{"embeddable":true,"href":"https:\/\/www.revistarescatados.com.ar\/web\/wp-json\/wp\/v2\/media\/10575"}],"wp:attachment":[{"href":"https:\/\/www.revistarescatados.com.ar\/web\/wp-json\/wp\/v2\/media?parent=26307"}],"wp:term":[{"taxonomy":"category","embeddable":true,"href":"https:\/\/www.revistarescatados.com.ar\/web\/wp-json\/wp\/v2\/categories?post=26307"},{"taxonomy":"post_tag","embeddable":true,"href":"https:\/\/www.revistarescatados.com.ar\/web\/wp-json\/wp\/v2\/tags?post=26307"}],"curies":[{"name":"wp","href":"https:\/\/api.w.org\/{rel}","templated":true}]}}