{"id":26318,"date":"2026-09-04T00:56:40","date_gmt":"2026-09-04T03:56:40","guid":{"rendered":"https:\/\/www.revistarescatados.com.ar\/web\/?p=26318"},"modified":"2026-09-04T00:56:40","modified_gmt":"2026-09-04T03:56:40","slug":"el-norte-suma-fiscales-y-completa-los-14-cargos-previstos-por-ley","status":"publish","type":"post","link":"https:\/\/www.revistarescatados.com.ar\/web\/2026\/09\/04\/el-norte-suma-fiscales-y-completa-los-14-cargos-previstos-por-ley\/","title":{"rendered":"El norte suma fiscales y completa los 14 cargos previstos por ley"},"content":{"rendered":"<p>&nbsp;<\/p>\n<p><strong>\u201cHace tiempo venimos trabajando para que el norte tenga la estructura judicial que le corresponde\u201d, expres\u00f3 Scarpin. Con la aprobaci\u00f3n de estos cinco pliegos, la Circunscripci\u00f3n Judicial N.\u00ba 4 fortalece su capacidad de respuesta en toda la regi\u00f3n.<\/strong><\/p>\n<p><img loading=\"lazy\" class=\"aligncenter size-large wp-image-23207\" src=\"http:\/\/www.revistarescatados.com.ar\/web\/wp-content\/uploads\/2024\/12\/Dionisio-Scarpin-1024x757.jpg\" alt=\"\" width=\"1024\" height=\"757\" srcset=\"https:\/\/www.revistarescatados.com.ar\/web\/wp-content\/uploads\/2024\/12\/Dionisio-Scarpin-1024x757.jpg 1024w, https:\/\/www.revistarescatados.com.ar\/web\/wp-content\/uploads\/2024\/12\/Dionisio-Scarpin-300x222.jpg 300w, https:\/\/www.revistarescatados.com.ar\/web\/wp-content\/uploads\/2024\/12\/Dionisio-Scarpin-768x568.jpg 768w, https:\/\/www.revistarescatados.com.ar\/web\/wp-content\/uploads\/2024\/12\/Dionisio-Scarpin.jpg 1217w\" sizes=\"(max-width: 1024px) 100vw, 1024px\" \/><\/p>\n<p>La Asamblea Legislativa de Santa Fe aprob\u00f3 los pliegos de Juan Pablo Malberti, Rita Mar\u00eda Llamas, Valentina Alesso, Leandro Arraga y Eduardo Sequeira Alegre como fiscales adjuntos subrogantes del Ministerio P\u00fablico de la Acusaci\u00f3n para la Circunscripci\u00f3n Judicial N.\u00ba 4, con sede en Reconquista. Con estas incorporaciones, el norte santafesino completa los 14 cargos de fiscales previstos por ley, un avance largamente esperado para mejorar el funcionamiento del sistema judicial en la regi\u00f3n.<\/p>\n<p>El diputado provincial Dionisio Scarpin destac\u00f3 la aprobaci\u00f3n y record\u00f3 que se trata de un reclamo que viene trabajando desde hace tiempo junto a autoridades judiciales e instituciones del norte. En marzo de 2025, tras reunirse con el fiscal regional Rub\u00e9n Mart\u00ednez, ya hab\u00eda planteado la necesidad de cubrir vacantes en el Ministerio P\u00fablico de la Acusaci\u00f3n de la Cuarta Circunscripci\u00f3n, se\u00f1alando la desigualdad existente por la extensi\u00f3n territorial y el crecimiento poblacional de la regi\u00f3n.<\/p>\n<p>\u201cHace tiempo venimos trabajando para que el norte tenga la estructura judicial que le corresponde. Esta aprobaci\u00f3n no es solo un tr\u00e1mite: es una respuesta concreta a una necesidad que se viene planteando en cada recorrida, en cada reuni\u00f3n y en cada conversaci\u00f3n sobre seguridad y justicia\u201d, expres\u00f3 Scarpin.<\/p>\n<p>El legislador remarc\u00f3 que la incorporaci\u00f3n de fiscales permite mejorar la capacidad de investigaci\u00f3n, reducir demoras y acompa\u00f1ar de manera m\u00e1s efectiva a las v\u00edctimas. \u201cCuando faltan fiscales, las causas se demoran, los equipos se recargan y la gente siente que el Estado llega tarde. Con m\u00e1s fiscales, hay m\u00e1s posibilidades de investigar mejor, avanzar m\u00e1s r\u00e1pido y dar respuestas m\u00e1s claras\u201d, sostuvo.<\/p>\n<p>Scarpin tambi\u00e9n vincul\u00f3 este avance con una agenda m\u00e1s amplia para fortalecer la seguridad y la justicia en el norte santafesino, que incluye la incorporaci\u00f3n de tecnolog\u00eda, el trabajo sobre delitos rurales, el refuerzo de herramientas para el Ministerio P\u00fablico de la Acusaci\u00f3n y una mayor articulaci\u00f3n con la Polic\u00eda, los gobiernos locales y las instituciones del territorio. \u201cEl norte tiene una realidad propia: muchas localidades, largas distancias, zonas rurales, rutas y delitos que necesitan seguimiento. Por eso completar esta estructura es tan importante\u201d, afirm\u00f3.<\/p>\n<p>Finalmente, el diputado se\u00f1al\u00f3 que la aprobaci\u00f3n de los pliegos representa un paso necesario, pero no el final del trabajo. \u201cEsto nos permite avanzar, pero tenemos que seguir. La seguridad y la justicia se fortalecen con fiscales, con polic\u00edas, con tecnolog\u00eda, con presencia territorial y con decisiones sostenidas\u201d, concluy\u00f3.<\/p>\n","protected":false},"excerpt":{"rendered":"<p>&nbsp; \u201cHace tiempo venimos trabajando para que el norte tenga la estructura judicial que le corresponde\u201d, expres\u00f3 Scarpin. Con la aprobaci\u00f3n de estos cinco pliegos, la Circunscripci\u00f3n Judicial N.\u00ba 4 fortalece su&#46;&#46;&#46;<\/p>\n","protected":false},"author":1,"featured_media":22911,"comment_status":"closed","ping_status":"closed","sticky":false,"template":"","format":"standard","meta":[],"categories":[6,5,3,16,13,14],"tags":[],"_links":{"self":[{"href":"https:\/\/www.revistarescatados.com.ar\/web\/wp-json\/wp\/v2\/posts\/26318"}],"collection":[{"href":"https:\/\/www.revistarescatados.com.ar\/web\/wp-json\/wp\/v2\/posts"}],"about":[{"href":"https:\/\/www.revistarescatados.com.ar\/web\/wp-json\/wp\/v2\/types\/post"}],"author":[{"embeddable":true,"href":"https:\/\/www.revistarescatados.com.ar\/web\/wp-json\/wp\/v2\/users\/1"}],"replies":[{"embeddable":true,"href":"https:\/\/www.revistarescatados.com.ar\/web\/wp-json\/wp\/v2\/comments?post=26318"}],"version-history":[{"count":1,"href":"https:\/\/www.revistarescatados.com.ar\/web\/wp-json\/wp\/v2\/posts\/26318\/revisions"}],"predecessor-version":[{"id":26319,"href":"https:\/\/www.revistarescatados.com.ar\/web\/wp-json\/wp\/v2\/posts\/26318\/revisions\/26319"}],"wp:featuredmedia":[{"embeddable":true,"href":"https:\/\/www.revistarescatados.com.ar\/web\/wp-json\/wp\/v2\/media\/22911"}],"wp:attachment":[{"href":"https:\/\/www.revistarescatados.com.ar\/web\/wp-json\/wp\/v2\/media?parent=26318"}],"wp:term":[{"taxonomy":"category","embeddable":true,"href":"https:\/\/www.revistarescatados.com.ar\/web\/wp-json\/wp\/v2\/categories?post=26318"},{"taxonomy":"post_tag","embeddable":true,"href":"https:\/\/www.revistarescatados.com.ar\/web\/wp-json\/wp\/v2\/tags?post=26318"}],"curies":[{"name":"wp","href":"https:\/\/api.w.org\/{rel}","templated":true}]}}