{"id":26320,"date":"2026-09-04T01:01:41","date_gmt":"2026-09-04T04:01:41","guid":{"rendered":"https:\/\/www.revistarescatados.com.ar\/web\/?p=26320"},"modified":"2026-09-04T01:01:41","modified_gmt":"2026-09-04T04:01:41","slug":"condenaron-a-cinco-anos-de-prision-a-un-hombre-por-un-robo-a-dos-mujeres-en-vera","status":"publish","type":"post","link":"https:\/\/www.revistarescatados.com.ar\/web\/2026\/09\/04\/condenaron-a-cinco-anos-de-prision-a-un-hombre-por-un-robo-a-dos-mujeres-en-vera\/","title":{"rendered":"Condenaron a cinco a\u00f1os de prisi\u00f3n a un hombre por un robo a dos mujeres en Vera"},"content":{"rendered":"<p>&nbsp;<\/p>\n<p>&nbsp;<\/p>\n<p><strong>Se trata de C\u00e9sar Juan Rivero, de 33 a\u00f1os, quien ten\u00eda un arma blanca con la cual cometi\u00f3 el il\u00edcito y us\u00f3 para atacar al personal policial al momento de su aprehensi\u00f3n. El fiscal que investig\u00f3 el il\u00edcito es Nicol\u00e1s Maglier. Tambi\u00e9n represent\u00f3 al MPA en el juicio abreviado en el que se impuso la pena.<\/strong><\/p>\n<p><img loading=\"lazy\" class=\"aligncenter size-large wp-image-1498\" src=\"http:\/\/www.revistarescatados.com.ar\/web\/wp-content\/uploads\/2018\/08\/Tribunales-1024x529.jpg\" alt=\"\" width=\"1024\" height=\"529\" srcset=\"https:\/\/www.revistarescatados.com.ar\/web\/wp-content\/uploads\/2018\/08\/Tribunales.jpg 1024w, https:\/\/www.revistarescatados.com.ar\/web\/wp-content\/uploads\/2018\/08\/Tribunales-300x155.jpg 300w, https:\/\/www.revistarescatados.com.ar\/web\/wp-content\/uploads\/2018\/08\/Tribunales-768x397.jpg 768w\" sizes=\"(max-width: 1024px) 100vw, 1024px\" \/><\/p>\n<p>Un hombre de 33 a\u00f1os identificado como C\u00e9sar Juan Rivero fue condenado a cinco a\u00f1os de prisi\u00f3n de cumplimiento efectivo por un robo cometido en perjuicio de dos mujeres en la ciudad de Vera.<\/p>\n<p>La sentencia fue dispuesta por el juez Gustavo Gon en un juicio en el que se abreviaron los procedimientos que se llev\u00f3 a cabo en los tribunales verenses.<\/p>\n<p>El fiscal Nicol\u00e1s Maglier estuvo a cargo de la investigaci\u00f3n y represent\u00f3 al MPA en la audiencia en la que se realiz\u00f3 el juicio.<\/p>\n<p><strong>Los hechos<\/strong><\/p>\n<p>El fiscal sostuvo que \u201cen la medianoche del 27 de enero de 2024, el condenado intercept\u00f3 a la v\u00edctima a la altura del boliche Odisea de la Ruta Nacional n\u00famero 11\u201d.<\/p>\n<p>\u201cRivero golpe\u00f3 en la boca a la mujer, luego la tom\u00f3 del cuello y le arrebat\u00f3 una cartera de cuero en la que la v\u00edctima ten\u00eda dinero en efectivo, tarjetas de cr\u00e9dito y d\u00e9bito, documentaci\u00f3n personal, un celular y la llave de un auto\u201d, relat\u00f3 el fiscal. \u201cLuego de agredir y robarle a la v\u00edctima, el condenado escap\u00f3 por calle Per\u00f3n\u201d,<\/p>\n<p>En cuanto al segundo il\u00edcito, el representante del MPA precis\u00f3 que \u201cel 11 de julio de 2025, tambi\u00e9n en horas de la madrugada, Rivero fue a un local ubicado en calle San Mart\u00edn al 1.400 donde abord\u00f3 a una mujer que trabaja en el lugar\u201d.<\/p>\n<p>\u201cEn esta ocasi\u00f3n, Rivero le exhibi\u00f3 un cuchillo tipo tramontina para generar temor en la v\u00edctima y se apoder\u00f3 de dos tel\u00e9fonos celulares, dinero en efectivo, dos entradas para un local bailable y escap\u00f3\u201d, inform\u00f3 el fiscal.<\/p>\n<p>Maglier destac\u00f3 que \u201ctres d\u00edas despu\u00e9s, el 11 de julio, aproximadamente a las 13:20, personal policial arrib\u00f3 a una vivienda abandonada para proceder a la detenci\u00f3n del condenado\u201d, y agreg\u00f3 que \u201cal advertir que estaba el personal policial, Rivero escap\u00f3 del lugar e ingres\u00f3 en una zona de mucha vegetaci\u00f3n\u201d.<\/p>\n<p>\u201cUno de los oficiales intent\u00f3 interceptarlo, mientras el hombre condenado se resist\u00eda a los golpes y con un arma blanca tipo bistur\u00ed, de 5 cent\u00edmetros de hoja y 10 cent\u00edmetros de cabo\u201d, detall\u00f3 y concluy\u00f3 que \u201cal momento de su aprehensi\u00f3n, Rivero amenaz\u00f3 de muerte al personal policial\u201d.<\/p>\n<p><strong>Juicio abreviado<\/strong><\/p>\n<p>Rivero reconoci\u00f3 expresamente su culpabilidad como autor de los delitos de robo; robo calificado (por el uso de arma impropia -cuchillo-) y atentado a la autoridad calificado (por poner manos en la autoridad).<\/p>\n<p>Junto con su abogado defensor, el condenado acept\u00f3 todos los t\u00e9rminos del juicio en el que se abreviaron los procedimientos.<\/p>\n<p>Por su parte, las v\u00edctimas fueron informadas acerca de lo resuelto y manifestaron su conformidad.<\/p>\n","protected":false},"excerpt":{"rendered":"<p>&nbsp; &nbsp; Se trata de C\u00e9sar Juan Rivero, de 33 a\u00f1os, quien ten\u00eda un arma blanca con la cual cometi\u00f3 el il\u00edcito y us\u00f3 para atacar al personal policial al momento de&#46;&#46;&#46;<\/p>\n","protected":false},"author":1,"featured_media":23803,"comment_status":"closed","ping_status":"closed","sticky":false,"template":"","format":"standard","meta":[],"categories":[3,16,10,8],"tags":[],"_links":{"self":[{"href":"https:\/\/www.revistarescatados.com.ar\/web\/wp-json\/wp\/v2\/posts\/26320"}],"collection":[{"href":"https:\/\/www.revistarescatados.com.ar\/web\/wp-json\/wp\/v2\/posts"}],"about":[{"href":"https:\/\/www.revistarescatados.com.ar\/web\/wp-json\/wp\/v2\/types\/post"}],"author":[{"embeddable":true,"href":"https:\/\/www.revistarescatados.com.ar\/web\/wp-json\/wp\/v2\/users\/1"}],"replies":[{"embeddable":true,"href":"https:\/\/www.revistarescatados.com.ar\/web\/wp-json\/wp\/v2\/comments?post=26320"}],"version-history":[{"count":1,"href":"https:\/\/www.revistarescatados.com.ar\/web\/wp-json\/wp\/v2\/posts\/26320\/revisions"}],"predecessor-version":[{"id":26321,"href":"https:\/\/www.revistarescatados.com.ar\/web\/wp-json\/wp\/v2\/posts\/26320\/revisions\/26321"}],"wp:featuredmedia":[{"embeddable":true,"href":"https:\/\/www.revistarescatados.com.ar\/web\/wp-json\/wp\/v2\/media\/23803"}],"wp:attachment":[{"href":"https:\/\/www.revistarescatados.com.ar\/web\/wp-json\/wp\/v2\/media?parent=26320"}],"wp:term":[{"taxonomy":"category","embeddable":true,"href":"https:\/\/www.revistarescatados.com.ar\/web\/wp-json\/wp\/v2\/categories?post=26320"},{"taxonomy":"post_tag","embeddable":true,"href":"https:\/\/www.revistarescatados.com.ar\/web\/wp-json\/wp\/v2\/tags?post=26320"}],"curies":[{"name":"wp","href":"https:\/\/api.w.org\/{rel}","templated":true}]}}