{"id":2664,"date":"2018-11-07T13:46:30","date_gmt":"2018-11-07T16:46:30","guid":{"rendered":"http:\/\/www.revistarescatados.com.ar\/web\/?p=2664"},"modified":"2018-11-07T13:46:30","modified_gmt":"2018-11-07T16:46:30","slug":"la-mutual-de-calchaqui-fc-inaugura-su-edificio-propio","status":"publish","type":"post","link":"https:\/\/www.revistarescatados.com.ar\/web\/2018\/11\/07\/la-mutual-de-calchaqui-fc-inaugura-su-edificio-propio\/","title":{"rendered":"La Mutual de Calchaqu\u00ed FC inaugura su edificio propio"},"content":{"rendered":"<p><img loading=\"lazy\" class=\"aligncenter size-full wp-image-2665\" src=\"http:\/\/www.revistarescatados.com.ar\/web\/wp-content\/uploads\/2018\/11\/edificio-Mutual-Calchaqui-FC.jpg\" alt=\"\" width=\"2970\" height=\"2286\" srcset=\"https:\/\/www.revistarescatados.com.ar\/web\/wp-content\/uploads\/2018\/11\/edificio-Mutual-Calchaqui-FC.jpg 2970w, https:\/\/www.revistarescatados.com.ar\/web\/wp-content\/uploads\/2018\/11\/edificio-Mutual-Calchaqui-FC-300x231.jpg 300w, https:\/\/www.revistarescatados.com.ar\/web\/wp-content\/uploads\/2018\/11\/edificio-Mutual-Calchaqui-FC-768x591.jpg 768w, https:\/\/www.revistarescatados.com.ar\/web\/wp-content\/uploads\/2018\/11\/edificio-Mutual-Calchaqui-FC-1024x788.jpg 1024w\" sizes=\"(max-width: 2970px) 100vw, 2970px\" \/><\/p>\n<p><span style=\"color: #0000ff;\"><strong>El acto de inauguraci\u00f3n tendr\u00e1 lugar este s\u00e1bado 10 de noviembre a las 21 horas en su nuevo edificio ubicado en Bvard. Belgrano N\u00ba 424 de Calchaqu\u00ed.<\/strong><\/span><\/p>\n<p>\u201cLos grandes logros dependen de muchas manos, corazones y mentes\u201d, reza el encabezado de la invitaci\u00f3n al acto de la Asociaci\u00f3n Mutual de Socios y Adherentes del Calchaqu\u00ed Football Club. Si dudas un paso important\u00edsimos en el crecimiento que ha experimentado la entidad en estos 8 a\u00f1os de vida: la inauguraci\u00f3n de su sede de atenci\u00f3n al p\u00fablico.<\/p>\n<p>Cabe recordar que fue en la noche del viernes 12 de marzo del a\u00f1o 2010, cuando se realiz\u00f3 el acto formal de inauguraci\u00f3n de la asociaci\u00f3n. Desde ese entonces ha funcionado en un edificio alquilado en Bvard. Belgrano 145.<\/p>\n","protected":false},"excerpt":{"rendered":"<p>El acto de inauguraci\u00f3n tendr\u00e1 lugar este s\u00e1bado 10 de noviembre a las 21 horas en su nuevo edificio ubicado en Bvard. Belgrano N\u00ba 424 de Calchaqu\u00ed. \u201cLos grandes logros dependen de&#46;&#46;&#46;<\/p>\n","protected":false},"author":1,"featured_media":2665,"comment_status":"closed","ping_status":"open","sticky":false,"template":"","format":"standard","meta":[],"categories":[2,3,10],"tags":[],"_links":{"self":[{"href":"https:\/\/www.revistarescatados.com.ar\/web\/wp-json\/wp\/v2\/posts\/2664"}],"collection":[{"href":"https:\/\/www.revistarescatados.com.ar\/web\/wp-json\/wp\/v2\/posts"}],"about":[{"href":"https:\/\/www.revistarescatados.com.ar\/web\/wp-json\/wp\/v2\/types\/post"}],"author":[{"embeddable":true,"href":"https:\/\/www.revistarescatados.com.ar\/web\/wp-json\/wp\/v2\/users\/1"}],"replies":[{"embeddable":true,"href":"https:\/\/www.revistarescatados.com.ar\/web\/wp-json\/wp\/v2\/comments?post=2664"}],"version-history":[{"count":1,"href":"https:\/\/www.revistarescatados.com.ar\/web\/wp-json\/wp\/v2\/posts\/2664\/revisions"}],"predecessor-version":[{"id":2666,"href":"https:\/\/www.revistarescatados.com.ar\/web\/wp-json\/wp\/v2\/posts\/2664\/revisions\/2666"}],"wp:featuredmedia":[{"embeddable":true,"href":"https:\/\/www.revistarescatados.com.ar\/web\/wp-json\/wp\/v2\/media\/2665"}],"wp:attachment":[{"href":"https:\/\/www.revistarescatados.com.ar\/web\/wp-json\/wp\/v2\/media?parent=2664"}],"wp:term":[{"taxonomy":"category","embeddable":true,"href":"https:\/\/www.revistarescatados.com.ar\/web\/wp-json\/wp\/v2\/categories?post=2664"},{"taxonomy":"post_tag","embeddable":true,"href":"https:\/\/www.revistarescatados.com.ar\/web\/wp-json\/wp\/v2\/tags?post=2664"}],"curies":[{"name":"wp","href":"https:\/\/api.w.org\/{rel}","templated":true}]}}