{"id":2667,"date":"2018-11-07T14:01:04","date_gmt":"2018-11-07T17:01:04","guid":{"rendered":"http:\/\/www.revistarescatados.com.ar\/web\/?p=2667"},"modified":"2018-11-07T14:01:04","modified_gmt":"2018-11-07T17:01:04","slug":"con-bici-prestada-pudo-completar-la-bicicleteada","status":"publish","type":"post","link":"https:\/\/www.revistarescatados.com.ar\/web\/2018\/11\/07\/con-bici-prestada-pudo-completar-la-bicicleteada\/","title":{"rendered":"Con bici prestada pudo completar la bicicleteada"},"content":{"rendered":"<p><img loading=\"lazy\" class=\"aligncenter size-full wp-image-2668\" src=\"http:\/\/www.revistarescatados.com.ar\/web\/wp-content\/uploads\/2018\/11\/Los-primeros-de-la-Bicicleteada.jpg\" alt=\"\" width=\"960\" height=\"648\" srcset=\"https:\/\/www.revistarescatados.com.ar\/web\/wp-content\/uploads\/2018\/11\/Los-primeros-de-la-Bicicleteada.jpg 960w, https:\/\/www.revistarescatados.com.ar\/web\/wp-content\/uploads\/2018\/11\/Los-primeros-de-la-Bicicleteada-300x203.jpg 300w, https:\/\/www.revistarescatados.com.ar\/web\/wp-content\/uploads\/2018\/11\/Los-primeros-de-la-Bicicleteada-768x518.jpg 768w\" sizes=\"(max-width: 960px) 100vw, 960px\" \/><\/p>\n<p><span style=\"color: #0000ff;\"><strong>Fue la an\u00e9cdota de Luchi, a quien se le rompi\u00f3 su m\u00f3vil en el camino y gracias a otro ciclista que volvi\u00f3 a prestarle la suya pudo llegar. Son algunas historias de la bicicleteada que merecen ser contadas .<\/strong><\/span><\/p>\n<p>Ellos fueron los que llegaron primeros y demostraron que no importa el tipo de bicicleta que uses sino el empe\u00f1o que pongas en lograr el objetivo.<\/p>\n<p>Gerardo y su hija Milena llegaron juntos porque no hay nada mejor que un equipo familiar. (\u00a1Y fueron muchos estos equipos!)<\/p>\n<p>Gabriel y su hija Wanda no iban a participar, pero cuando vieron la cantidad de gente y el clima se sumaron a la bicicleteada.<\/p>\n<p><img loading=\"lazy\" class=\"aligncenter size-full wp-image-2669\" src=\"http:\/\/www.revistarescatados.com.ar\/web\/wp-content\/uploads\/2018\/11\/Luchi.jpg\" alt=\"\" width=\"960\" height=\"639\" srcset=\"https:\/\/www.revistarescatados.com.ar\/web\/wp-content\/uploads\/2018\/11\/Luchi.jpg 960w, https:\/\/www.revistarescatados.com.ar\/web\/wp-content\/uploads\/2018\/11\/Luchi-300x200.jpg 300w, https:\/\/www.revistarescatados.com.ar\/web\/wp-content\/uploads\/2018\/11\/Luchi-768x511.jpg 768w\" sizes=\"(max-width: 960px) 100vw, 960px\" \/><\/p>\n<p>Al querido Luchi se le rompi\u00f3 la bici y un ciclista se volvi\u00f3 para prestarle la de \u00e9l. As\u00ed Luchi hizo su entrada triunfal.<\/p>\n<p>Nazareno y Elena no se conoc\u00edan. Pero \u00e9l la ayud\u00f3 y acompa\u00f1\u00f3 para poder llegar a la meta.<\/p>\n<p>Historias que merecen ser contadas y que nos enorgullecen.<\/p>\n","protected":false},"excerpt":{"rendered":"<p>Fue la an\u00e9cdota de Luchi, a quien se le rompi\u00f3 su m\u00f3vil en el camino y gracias a otro ciclista que volvi\u00f3 a prestarle la suya pudo llegar. Son algunas historias de&#46;&#46;&#46;<\/p>\n","protected":false},"author":1,"featured_media":2669,"comment_status":"closed","ping_status":"open","sticky":false,"template":"","format":"standard","meta":[],"categories":[2,3,17,8],"tags":[],"_links":{"self":[{"href":"https:\/\/www.revistarescatados.com.ar\/web\/wp-json\/wp\/v2\/posts\/2667"}],"collection":[{"href":"https:\/\/www.revistarescatados.com.ar\/web\/wp-json\/wp\/v2\/posts"}],"about":[{"href":"https:\/\/www.revistarescatados.com.ar\/web\/wp-json\/wp\/v2\/types\/post"}],"author":[{"embeddable":true,"href":"https:\/\/www.revistarescatados.com.ar\/web\/wp-json\/wp\/v2\/users\/1"}],"replies":[{"embeddable":true,"href":"https:\/\/www.revistarescatados.com.ar\/web\/wp-json\/wp\/v2\/comments?post=2667"}],"version-history":[{"count":1,"href":"https:\/\/www.revistarescatados.com.ar\/web\/wp-json\/wp\/v2\/posts\/2667\/revisions"}],"predecessor-version":[{"id":2670,"href":"https:\/\/www.revistarescatados.com.ar\/web\/wp-json\/wp\/v2\/posts\/2667\/revisions\/2670"}],"wp:featuredmedia":[{"embeddable":true,"href":"https:\/\/www.revistarescatados.com.ar\/web\/wp-json\/wp\/v2\/media\/2669"}],"wp:attachment":[{"href":"https:\/\/www.revistarescatados.com.ar\/web\/wp-json\/wp\/v2\/media?parent=2667"}],"wp:term":[{"taxonomy":"category","embeddable":true,"href":"https:\/\/www.revistarescatados.com.ar\/web\/wp-json\/wp\/v2\/categories?post=2667"},{"taxonomy":"post_tag","embeddable":true,"href":"https:\/\/www.revistarescatados.com.ar\/web\/wp-json\/wp\/v2\/tags?post=2667"}],"curies":[{"name":"wp","href":"https:\/\/api.w.org\/{rel}","templated":true}]}}