{"id":2726,"date":"2018-11-08T22:18:42","date_gmt":"2018-11-09T01:18:42","guid":{"rendered":"http:\/\/www.revistarescatados.com.ar\/web\/?p=2726"},"modified":"2018-11-08T22:18:42","modified_gmt":"2018-11-09T01:18:42","slug":"habra-feriado-administrativo-el-jueves-15-de-noviembre-en-toda-la-provincia","status":"publish","type":"post","link":"https:\/\/www.revistarescatados.com.ar\/web\/2018\/11\/08\/habra-feriado-administrativo-el-jueves-15-de-noviembre-en-toda-la-provincia\/","title":{"rendered":"Habr\u00e1 feriado administrativo el jueves 15 de noviembre en toda la provincia"},"content":{"rendered":"<p><img loading=\"lazy\" class=\"aligncenter size-full wp-image-2727\" src=\"http:\/\/www.revistarescatados.com.ar\/web\/wp-content\/uploads\/2018\/11\/santa-fe.jpg\" alt=\"\" width=\"550\" height=\"412\" srcset=\"https:\/\/www.revistarescatados.com.ar\/web\/wp-content\/uploads\/2018\/11\/santa-fe.jpg 550w, https:\/\/www.revistarescatados.com.ar\/web\/wp-content\/uploads\/2018\/11\/santa-fe-300x225.jpg 300w\" sizes=\"(max-width: 550px) 100vw, 550px\" \/><\/p>\n<p><span style=\"color: #0000ff;\"><strong>De acuerdo a lo establecido en la Ley Provincial N\u00ba 13.155\/10 el 15 de noviembre es feriado administrativo en todo el territorio de la provincia, con motivo de la conmemoraci\u00f3n de la fundaci\u00f3n de la ciudad de Santa Fe. El mismo es optativo para el comercio, la industria y los bancos.<\/strong><\/span><\/p>\n<p>La ciudad de Santa Fe fue fundada por Juan de Garay el 15 de noviembre de 1573, sobre una loma vecina a la actual ciudad de Cayast\u00e1, junto al R\u00edo de los Quiloazas (hoy San Javier). El colonizador fue parte de distintas expediciones y fundaciones de la corona espa\u00f1ola en el territorio del R\u00edo de la Plata. Le encomendaron fundar un puerto y pueblo en el r\u00edo Paran\u00e1 para que sirviera de apoyo a los nav\u00edos y armadas que llegaran de Espa\u00f1a a favor de la ciudad de Asunci\u00f3n.<\/p>\n<p>En 1651 se inici\u00f3 el traslado a su actual emplazamiento y se complet\u00f3 casi una d\u00e9cada despu\u00e9s. La ciudad se fue extendiendo junto a la laguna Set\u00fabal y el r\u00edo Coronda y frente a las islas que la separan del r\u00edo Paran\u00e1. En la actualidad se puede visitar el emplazamiento original de la ciudad en el Parque Arqueol\u00f3gico \u201cSanta Fe la Vieja\u201d.<\/p>\n","protected":false},"excerpt":{"rendered":"<p>De acuerdo a lo establecido en la Ley Provincial N\u00ba 13.155\/10 el 15 de noviembre es feriado administrativo en todo el territorio de la provincia, con motivo de la conmemoraci\u00f3n de la&#46;&#46;&#46;<\/p>\n","protected":false},"author":1,"featured_media":2727,"comment_status":"closed","ping_status":"open","sticky":false,"template":"","format":"standard","meta":[],"categories":[12,8],"tags":[],"_links":{"self":[{"href":"https:\/\/www.revistarescatados.com.ar\/web\/wp-json\/wp\/v2\/posts\/2726"}],"collection":[{"href":"https:\/\/www.revistarescatados.com.ar\/web\/wp-json\/wp\/v2\/posts"}],"about":[{"href":"https:\/\/www.revistarescatados.com.ar\/web\/wp-json\/wp\/v2\/types\/post"}],"author":[{"embeddable":true,"href":"https:\/\/www.revistarescatados.com.ar\/web\/wp-json\/wp\/v2\/users\/1"}],"replies":[{"embeddable":true,"href":"https:\/\/www.revistarescatados.com.ar\/web\/wp-json\/wp\/v2\/comments?post=2726"}],"version-history":[{"count":1,"href":"https:\/\/www.revistarescatados.com.ar\/web\/wp-json\/wp\/v2\/posts\/2726\/revisions"}],"predecessor-version":[{"id":2728,"href":"https:\/\/www.revistarescatados.com.ar\/web\/wp-json\/wp\/v2\/posts\/2726\/revisions\/2728"}],"wp:featuredmedia":[{"embeddable":true,"href":"https:\/\/www.revistarescatados.com.ar\/web\/wp-json\/wp\/v2\/media\/2727"}],"wp:attachment":[{"href":"https:\/\/www.revistarescatados.com.ar\/web\/wp-json\/wp\/v2\/media?parent=2726"}],"wp:term":[{"taxonomy":"category","embeddable":true,"href":"https:\/\/www.revistarescatados.com.ar\/web\/wp-json\/wp\/v2\/categories?post=2726"},{"taxonomy":"post_tag","embeddable":true,"href":"https:\/\/www.revistarescatados.com.ar\/web\/wp-json\/wp\/v2\/tags?post=2726"}],"curies":[{"name":"wp","href":"https:\/\/api.w.org\/{rel}","templated":true}]}}