{"id":2729,"date":"2018-11-08T22:36:53","date_gmt":"2018-11-09T01:36:53","guid":{"rendered":"http:\/\/www.revistarescatados.com.ar\/web\/?p=2729"},"modified":"2018-11-08T22:36:53","modified_gmt":"2018-11-09T01:36:53","slug":"fugado-de-la-carcel-de-santa-felicia","status":"publish","type":"post","link":"https:\/\/www.revistarescatados.com.ar\/web\/2018\/11\/08\/fugado-de-la-carcel-de-santa-felicia\/","title":{"rendered":"Fugado de la c\u00e1rcel de Santa Felicia"},"content":{"rendered":"<p><img loading=\"lazy\" class=\"aligncenter size-full wp-image-2730\" src=\"http:\/\/www.revistarescatados.com.ar\/web\/wp-content\/uploads\/2018\/11\/santa-felicia-evadido.jpg\" alt=\"\" width=\"729\" height=\"332\" srcset=\"https:\/\/www.revistarescatados.com.ar\/web\/wp-content\/uploads\/2018\/11\/santa-felicia-evadido.jpg 729w, https:\/\/www.revistarescatados.com.ar\/web\/wp-content\/uploads\/2018\/11\/santa-felicia-evadido-300x137.jpg 300w\" sizes=\"(max-width: 729px) 100vw, 729px\" \/><\/p>\n<p><strong><span style=\"color: #0000ff;\">Se trata de Cristian Vel\u00e1squez de Vera, quien est\u00e1 preso por el robo a una agencia de quiniela. Desde la tarde del jueves es buscado intensamente por las fuerzas policiales en la regi\u00f3n.<\/span><\/strong><\/p>\n<p>En circunstancias que se investigan, evadi\u00f3 los controles el presidiario esta tarde. Vest\u00eda remera clara, jeans y zapatillas. Es intensamente buscado por la polic\u00eda local.<\/p>\n","protected":false},"excerpt":{"rendered":"<p>Se trata de Cristian Vel\u00e1squez de Vera, quien est\u00e1 preso por el robo a una agencia de quiniela. Desde la tarde del jueves es buscado intensamente por las fuerzas policiales en la&#46;&#46;&#46;<\/p>\n","protected":false},"author":1,"featured_media":2730,"comment_status":"closed","ping_status":"open","sticky":false,"template":"","format":"standard","meta":[],"categories":[3,11,14],"tags":[],"_links":{"self":[{"href":"https:\/\/www.revistarescatados.com.ar\/web\/wp-json\/wp\/v2\/posts\/2729"}],"collection":[{"href":"https:\/\/www.revistarescatados.com.ar\/web\/wp-json\/wp\/v2\/posts"}],"about":[{"href":"https:\/\/www.revistarescatados.com.ar\/web\/wp-json\/wp\/v2\/types\/post"}],"author":[{"embeddable":true,"href":"https:\/\/www.revistarescatados.com.ar\/web\/wp-json\/wp\/v2\/users\/1"}],"replies":[{"embeddable":true,"href":"https:\/\/www.revistarescatados.com.ar\/web\/wp-json\/wp\/v2\/comments?post=2729"}],"version-history":[{"count":1,"href":"https:\/\/www.revistarescatados.com.ar\/web\/wp-json\/wp\/v2\/posts\/2729\/revisions"}],"predecessor-version":[{"id":2731,"href":"https:\/\/www.revistarescatados.com.ar\/web\/wp-json\/wp\/v2\/posts\/2729\/revisions\/2731"}],"wp:featuredmedia":[{"embeddable":true,"href":"https:\/\/www.revistarescatados.com.ar\/web\/wp-json\/wp\/v2\/media\/2730"}],"wp:attachment":[{"href":"https:\/\/www.revistarescatados.com.ar\/web\/wp-json\/wp\/v2\/media?parent=2729"}],"wp:term":[{"taxonomy":"category","embeddable":true,"href":"https:\/\/www.revistarescatados.com.ar\/web\/wp-json\/wp\/v2\/categories?post=2729"},{"taxonomy":"post_tag","embeddable":true,"href":"https:\/\/www.revistarescatados.com.ar\/web\/wp-json\/wp\/v2\/tags?post=2729"}],"curies":[{"name":"wp","href":"https:\/\/api.w.org\/{rel}","templated":true}]}}