{"id":2732,"date":"2018-11-08T23:04:49","date_gmt":"2018-11-09T02:04:49","guid":{"rendered":"http:\/\/www.revistarescatados.com.ar\/web\/?p=2732"},"modified":"2018-11-08T23:04:49","modified_gmt":"2018-11-09T02:04:49","slug":"por-la-inclusion-alumnos-padres-y-docentes-elevaron-barriletes-con-mensajes-al-cielo-de-calchaqui-video","status":"publish","type":"post","link":"https:\/\/www.revistarescatados.com.ar\/web\/2018\/11\/08\/por-la-inclusion-alumnos-padres-y-docentes-elevaron-barriletes-con-mensajes-al-cielo-de-calchaqui-video\/","title":{"rendered":"Por la inclusi\u00f3n, alumnos, padres y docentes elevaron barriletes con mensajes al cielo de Calchaqu\u00ed (Video)"},"content":{"rendered":"<p><img loading=\"lazy\" class=\"aligncenter size-full wp-image-2733\" src=\"http:\/\/www.revistarescatados.com.ar\/web\/wp-content\/uploads\/2018\/11\/Barrileteada.jpg\" alt=\"\" width=\"1383\" height=\"922\" srcset=\"https:\/\/www.revistarescatados.com.ar\/web\/wp-content\/uploads\/2018\/11\/Barrileteada.jpg 1383w, https:\/\/www.revistarescatados.com.ar\/web\/wp-content\/uploads\/2018\/11\/Barrileteada-300x200.jpg 300w, https:\/\/www.revistarescatados.com.ar\/web\/wp-content\/uploads\/2018\/11\/Barrileteada-768x512.jpg 768w, https:\/\/www.revistarescatados.com.ar\/web\/wp-content\/uploads\/2018\/11\/Barrileteada-1024x683.jpg 1024w\" sizes=\"(max-width: 1383px) 100vw, 1383px\" \/><\/p>\n<p><span style=\"color: #0000ff;\"><strong>Fue esta ma\u00f1ana en el Monumento a la madre, en el marco de la cuarta jornada interinstitucional. Participaron escuelas del \u00e1mbito urbano y rural, de todos los niveles y fue organizada por la escuela especial N\u00ba 2106.<\/strong><\/span><\/p>\n<p>Cerca de 100 alumnos de diferentes instituciones escolares, se reunieron en la ma\u00f1ana de este jueves 8 de noviembre. El lema de esta cuarta edici\u00f3n fue \u201cEl universo nos dio la oportunidad\u2026por eso cuentas conmigo\u201d.<\/p>\n<div id=\"fb-root\"><\/div>\n<p><script>(function(d, s, id) {  var js, fjs = d.getElementsByTagName(s)[0];  if (d.getElementById(id)) return;  js = d.createElement(s); js.id = id;  js.src = 'https:\/\/connect.facebook.net\/en_US\/sdk.js#xfbml=1&version=v3.2';  fjs.parentNode.insertBefore(js, fjs);}(document, 'script', 'facebook-jssdk'));<\/script><\/p>\n<div class=\"fb-video\" data-href=\"https:\/\/www.facebook.com\/rescatados.calchaqui.5\/videos\/2188082591407349\/\" data-width=\"500\">\n<blockquote cite=\"https:\/\/www.facebook.com\/rescatados.calchaqui.5\/videos\/2188082591407349\/\" class=\"fb-xfbml-parse-ignore\"><p><a href=\"https:\/\/www.facebook.com\/rescatados.calchaqui.5\/videos\/2188082591407349\/\"><\/a><\/p>\n<p>??4ta Jornada interinstitucional: barrileteada??<\/p>\n<p>Posted by <a href=\"https:\/\/www.facebook.com\/rescatados.calchaqui.5\/\">Rescatados Television &#8211; Calchaqui<\/a> on Thursday, November 8, 2018<\/p><\/blockquote>\n<\/div>\n<p>Esta jornada signific\u00f3 el cierre de talleres que hicieron las docentes integradoras en cada una de las escuelas, en base a la canci\u00f3n \u201cCuenta conmigo\u201d del d\u00fao mexicano R\u00edo Roma.<\/p>\n<p>Adem\u00e1s de elevar los barriletes con diferentes mensajes de inclusi\u00f3n, hubo picnic y al finalizar se extendi\u00f3 un pasacalle con esos mensajes.<\/p>\n<p><strong>MIR\u00c1 EL <a href=\"https:\/\/www.facebook.com\/pg\/Revista-Rescatados-161421006756\/photos\/?tab=album&amp;album_id=10156940873246757\"><span style=\"color: #0000ff;\">ALBUM DE IM\u00c1GENES<\/span><\/a><\/strong><\/p>\n","protected":false},"excerpt":{"rendered":"<p>Fue esta ma\u00f1ana en el Monumento a la madre, en el marco de la cuarta jornada interinstitucional. Participaron escuelas del \u00e1mbito urbano y rural, de todos los niveles y fue organizada por&#46;&#46;&#46;<\/p>\n","protected":false},"author":1,"featured_media":2733,"comment_status":"closed","ping_status":"open","sticky":false,"template":"","format":"standard","meta":[],"categories":[2,3,16,15,8],"tags":[],"_links":{"self":[{"href":"https:\/\/www.revistarescatados.com.ar\/web\/wp-json\/wp\/v2\/posts\/2732"}],"collection":[{"href":"https:\/\/www.revistarescatados.com.ar\/web\/wp-json\/wp\/v2\/posts"}],"about":[{"href":"https:\/\/www.revistarescatados.com.ar\/web\/wp-json\/wp\/v2\/types\/post"}],"author":[{"embeddable":true,"href":"https:\/\/www.revistarescatados.com.ar\/web\/wp-json\/wp\/v2\/users\/1"}],"replies":[{"embeddable":true,"href":"https:\/\/www.revistarescatados.com.ar\/web\/wp-json\/wp\/v2\/comments?post=2732"}],"version-history":[{"count":1,"href":"https:\/\/www.revistarescatados.com.ar\/web\/wp-json\/wp\/v2\/posts\/2732\/revisions"}],"predecessor-version":[{"id":2734,"href":"https:\/\/www.revistarescatados.com.ar\/web\/wp-json\/wp\/v2\/posts\/2732\/revisions\/2734"}],"wp:featuredmedia":[{"embeddable":true,"href":"https:\/\/www.revistarescatados.com.ar\/web\/wp-json\/wp\/v2\/media\/2733"}],"wp:attachment":[{"href":"https:\/\/www.revistarescatados.com.ar\/web\/wp-json\/wp\/v2\/media?parent=2732"}],"wp:term":[{"taxonomy":"category","embeddable":true,"href":"https:\/\/www.revistarescatados.com.ar\/web\/wp-json\/wp\/v2\/categories?post=2732"},{"taxonomy":"post_tag","embeddable":true,"href":"https:\/\/www.revistarescatados.com.ar\/web\/wp-json\/wp\/v2\/tags?post=2732"}],"curies":[{"name":"wp","href":"https:\/\/api.w.org\/{rel}","templated":true}]}}