{"id":2837,"date":"2018-11-19T16:53:46","date_gmt":"2018-11-19T19:53:46","guid":{"rendered":"http:\/\/www.revistarescatados.com.ar\/web\/?p=2837"},"modified":"2018-11-19T16:53:46","modified_gmt":"2018-11-19T19:53:46","slug":"la-provincia-entrego-aportes-a-trabajadores-despedidos-del-peaje-de-la-ruta-11","status":"publish","type":"post","link":"https:\/\/www.revistarescatados.com.ar\/web\/2018\/11\/19\/la-provincia-entrego-aportes-a-trabajadores-despedidos-del-peaje-de-la-ruta-11\/","title":{"rendered":"La provincia entreg\u00f3 aportes a trabajadores despedidos del peaje de la Ruta 11"},"content":{"rendered":"<p><img loading=\"lazy\" class=\"aligncenter size-full wp-image-2838\" src=\"http:\/\/www.revistarescatados.com.ar\/web\/wp-content\/uploads\/2018\/11\/PEAJE.jpg\" alt=\"\" width=\"737\" height=\"380\" srcset=\"https:\/\/www.revistarescatados.com.ar\/web\/wp-content\/uploads\/2018\/11\/PEAJE.jpg 737w, https:\/\/www.revistarescatados.com.ar\/web\/wp-content\/uploads\/2018\/11\/PEAJE-300x155.jpg 300w\" sizes=\"(max-width: 737px) 100vw, 737px\" \/><\/p>\n<p><strong><span style=\"color: #0000ff;\">Se trata de microcr\u00e9ditos y ayudas econ\u00f3micas para la ejecuci\u00f3n de 18 proyectos.<\/span><\/strong><\/p>\n<p>El gobierno provincial, a trav\u00e9s de los ministerios de Trabajo y Seguridad Social y de la Producci\u00f3n, entreg\u00f3 este viernes microcr\u00e9ditos y ayudas econ\u00f3micas por un total de $ 1.240.000 para la ejecuci\u00f3n de 18 proyectos. Las iniciativas fueron elaboradas por extrabajadores del peaje de Reconquista y Florencia, en la Ruta Nacional 11 (departamento General Obligado).<\/p>\n<p>Durante el acto, realizado en el Centro C\u00edvico de la Regi\u00f3n 1 Nodo Reconquista, la directora provincial de Coordinaci\u00f3n Territorial, Elisabet Crettaz, afirm\u00f3 que el proyecto \u201csurgi\u00f3 cuando nos encontramos por primera vez, luego de los despidos efectuados por el gobierno nacional\u201d.<\/p>\n<p>\u201cNosotros acompa\u00f1amos, pero la parte m\u00e1s importante es la que ustedes realizan\u201d, les dijo Crettaz a los extrabajadores, al tiempo que confirm\u00f3 que \u201cpr\u00f3ximamente haremos la entrega de cr\u00e9ditos que a\u00fan est\u00e1n pendientes, y que son proyectos de mayor envergadura\u201d.<\/p>\n<p>Por su parte, el coordinador de la Regi\u00f3n 1 Nodo Reconquista, Ra\u00fal Medina,<br \/>\nconsider\u00f3 que \u201cpara nosotros es un d\u00eda muy importante porque aqu\u00ed se materializa el compromiso del gobierno provincial de dar respuestas a las familias de la regi\u00f3n. Felicitamos a ustedes por la voluntad y la perseverancia de generar proyectos y salir adelante, y les deseamos todo el \u00e9xito\u201d.<\/p>\n<p><span style=\"color: #0000ff;\"><strong>LOS PROYECTOS<\/strong><\/span><br \/>\nSe trata de 18 iniciativas a desarrollar en la ciudad de Reconquista y en la comuna de Florencia, relacionados con diferentes rubros como producci\u00f3n de nueces de pecan, distribuci\u00f3n de alimentos agr\u00edcolas, juegos infantiles y pa\u00f1alera, entre otros.<\/p>\n<p>Los emprendedores fueron despedidos del peaje de la Ruta Nacional 11 y sus planes ya se encontraban en desarrollo o comenzaron luego, con el apoyo del Ministerio de Producci\u00f3n y el equipo territorial de Reconquista. Las ayudas econ\u00f3micas y los microcr\u00e9ditos fueron determinados en relaci\u00f3n a las necesidades para continuar o comenzar el proyecto.<\/p>\n<p>Pr\u00f3ximamente, se har\u00e1 entrega de las ayudas a los trabajadores despedidos de los peajes de N\u00e9lson y Videla.<\/p>\n","protected":false},"excerpt":{"rendered":"<p>Se trata de microcr\u00e9ditos y ayudas econ\u00f3micas para la ejecuci\u00f3n de 18 proyectos. El gobierno provincial, a trav\u00e9s de los ministerios de Trabajo y Seguridad Social y de la Producci\u00f3n, entreg\u00f3 este&#46;&#46;&#46;<\/p>\n","protected":false},"author":1,"featured_media":2838,"comment_status":"closed","ping_status":"open","sticky":false,"template":"","format":"standard","meta":[],"categories":[6,10,8],"tags":[],"_links":{"self":[{"href":"https:\/\/www.revistarescatados.com.ar\/web\/wp-json\/wp\/v2\/posts\/2837"}],"collection":[{"href":"https:\/\/www.revistarescatados.com.ar\/web\/wp-json\/wp\/v2\/posts"}],"about":[{"href":"https:\/\/www.revistarescatados.com.ar\/web\/wp-json\/wp\/v2\/types\/post"}],"author":[{"embeddable":true,"href":"https:\/\/www.revistarescatados.com.ar\/web\/wp-json\/wp\/v2\/users\/1"}],"replies":[{"embeddable":true,"href":"https:\/\/www.revistarescatados.com.ar\/web\/wp-json\/wp\/v2\/comments?post=2837"}],"version-history":[{"count":1,"href":"https:\/\/www.revistarescatados.com.ar\/web\/wp-json\/wp\/v2\/posts\/2837\/revisions"}],"predecessor-version":[{"id":2839,"href":"https:\/\/www.revistarescatados.com.ar\/web\/wp-json\/wp\/v2\/posts\/2837\/revisions\/2839"}],"wp:featuredmedia":[{"embeddable":true,"href":"https:\/\/www.revistarescatados.com.ar\/web\/wp-json\/wp\/v2\/media\/2838"}],"wp:attachment":[{"href":"https:\/\/www.revistarescatados.com.ar\/web\/wp-json\/wp\/v2\/media?parent=2837"}],"wp:term":[{"taxonomy":"category","embeddable":true,"href":"https:\/\/www.revistarescatados.com.ar\/web\/wp-json\/wp\/v2\/categories?post=2837"},{"taxonomy":"post_tag","embeddable":true,"href":"https:\/\/www.revistarescatados.com.ar\/web\/wp-json\/wp\/v2\/tags?post=2837"}],"curies":[{"name":"wp","href":"https:\/\/api.w.org\/{rel}","templated":true}]}}