{"id":2840,"date":"2018-11-19T16:55:46","date_gmt":"2018-11-19T19:55:46","guid":{"rendered":"http:\/\/www.revistarescatados.com.ar\/web\/?p=2840"},"modified":"2018-11-19T16:55:46","modified_gmt":"2018-11-19T19:55:46","slug":"un-hombre-a-juicio-oral-y-publico-por-violencia-de-genero-en-vera","status":"publish","type":"post","link":"https:\/\/www.revistarescatados.com.ar\/web\/2018\/11\/19\/un-hombre-a-juicio-oral-y-publico-por-violencia-de-genero-en-vera\/","title":{"rendered":"Un hombre a juicio oral y p\u00fablico por violencia de g\u00e9nero en Vera"},"content":{"rendered":"<p><img loading=\"lazy\" class=\"aligncenter size-full wp-image-1498\" src=\"http:\/\/www.revistarescatados.com.ar\/web\/wp-content\/uploads\/2018\/08\/Tribunales.jpg\" alt=\"\" width=\"1024\" height=\"529\" srcset=\"https:\/\/www.revistarescatados.com.ar\/web\/wp-content\/uploads\/2018\/08\/Tribunales.jpg 1024w, https:\/\/www.revistarescatados.com.ar\/web\/wp-content\/uploads\/2018\/08\/Tribunales-300x155.jpg 300w, https:\/\/www.revistarescatados.com.ar\/web\/wp-content\/uploads\/2018\/08\/Tribunales-768x397.jpg 768w\" sizes=\"(max-width: 1024px) 100vw, 1024px\" \/><\/p>\n<p><span style=\"color: #0000ff;\"><strong>El acusado es un hombre de 30 a\u00f1os cuyas iniciales son DJA. El fiscal que investig\u00f3 el caso es Mart\u00edn Gauna Chapero, quien solicitar\u00e1 una pena de ocho a\u00f1os de prisi\u00f3n. De acuerdo a lo informado por la Oficina de Gesti\u00f3n Judicial, la sentencia se dar\u00e1 a conocer el pr\u00f3ximo lunes 26.<\/strong><\/span><\/p>\n<p>Un hombre de 30 a\u00f1os cuyas iniciales son DJA comenzar\u00e1 a ser juzgado ma\u00f1ana por delitos cometidos en un contexto de violencia de g\u00e9nero en perjuicio de la mujer que fue su pareja entre 2015 y hasta 2017. Ser\u00e1 en el marco de un juicio oral y p\u00fablico que est\u00e1 previsto que se inicie a las 8:00 en los tribunales verenses.<\/p>\n<p>El fiscal que investig\u00f3 los hechos es Mart\u00edn Gauna Chapero, quien solicitar\u00e1 la pena de ocho a\u00f1os de prisi\u00f3n de cumplimiento efectivo para el acusado. Por su parte, el juez que estar\u00e1 a cargo del debate ser\u00e1 Mauricio Martelossi.<\/p>\n<p>DJA fue acusado por el fiscal del MPA como autor de los delitos de privaci\u00f3n ileg\u00edtima de la libertad doblemente agravada; coacci\u00f3n mediando violencia de g\u00e9nero reiteradas (por tres hechos); desobediencia reiterada a una orden judicial (en un n\u00famero indeterminado de veces) y amenazas simples reiteradas (por tres hechos), todo en concurso real entre s\u00ed.<\/p>\n<p>Los hechos<\/p>\n<p>El primer delito ocurri\u00f3 el 26 de enero de 2015 en horas de la madrugada. \u201cMinutos despu\u00e9s de las 2:00, el acusado intent\u00f3 mantener relaciones sexuales con la mujer que era su pareja. Ante la negativa, comenzaron a discutir. Cuando la v\u00edctima intent\u00f3 salir de la habitaci\u00f3n con su beb\u00e9 en brazos, DJA la retuvo en el interior de la vivienda, la golpe\u00f3 en la cabeza y le sustrajo su celular para que no pudiera pedir ayuda\u201d, relat\u00f3 el fiscal. \u201cAlrededor de 12 horas despu\u00e9s, la madre de la v\u00edctima fue alertada de lo ocurrido por los vecinos, acudi\u00f3 a la vivienda y rescat\u00f3 a su hija\u201d, agreg\u00f3.<\/p>\n<p>\u201cEl segundo il\u00edcito ocurri\u00f3 el 29 de diciembre de 2016, cuando el acusado amenaz\u00f3 de muerte por WhatsApp a la v\u00edctima con el fin de atemorizarla, intimidarla y amedrentarla\u201d, sostuvo el fiscal. Por su parte, el tercer hecho fue el 10 de febrero de 2017 en horas de la tarde. \u201cEl acusado viol\u00f3 una medida de prohibici\u00f3n de acercamiento que estaba vigente, y fue a la casa de la v\u00edctima para amenazarla\u201d, indic\u00f3 Gauna Chapero.<\/p>\n<p>\u201cEl 2 y el 3 de marzo de 2017, el acusado le envi\u00f3 a la mujer mensajes y fotos intimidantes con amenazas; en tanto, el 5 de marzo tambi\u00e9n amenaz\u00f3 a quien era su suegra\u201d, precis\u00f3 el fiscal.<\/p>\n<p>Gauna Chapero hizo hincapi\u00e9 en que \u201cestos hechos il\u00edcitos se produjeron reiteradas veces (casi a diario) en las inmediaciones de la casa de la v\u00edctima\u201d.<\/p>\n<p><span style=\"color: #0000ff;\"><strong>Agenda<\/strong><\/span><\/p>\n<p>De acuerdo a lo programado por la Oficina de Gesti\u00f3n Judicial (OGJ), el juicio comenzar\u00e1 ma\u00f1ana a las 8:00. Por su parte, las audiencias continuar\u00e1n el jueves y el viernes, en ambos casos a partir de las 10:00.<\/p>\n<p>Finalmente, est\u00e1 previsto que el juez Martelossi informe la sentencia el lunes 26 a las 12:00.<\/p>\n","protected":false},"excerpt":{"rendered":"<p>El acusado es un hombre de 30 a\u00f1os cuyas iniciales son DJA. El fiscal que investig\u00f3 el caso es Mart\u00edn Gauna Chapero, quien solicitar\u00e1 una pena de ocho a\u00f1os de prisi\u00f3n. De&#46;&#46;&#46;<\/p>\n","protected":false},"author":1,"featured_media":1498,"comment_status":"closed","ping_status":"open","sticky":false,"template":"","format":"standard","meta":[],"categories":[3,16,10],"tags":[],"_links":{"self":[{"href":"https:\/\/www.revistarescatados.com.ar\/web\/wp-json\/wp\/v2\/posts\/2840"}],"collection":[{"href":"https:\/\/www.revistarescatados.com.ar\/web\/wp-json\/wp\/v2\/posts"}],"about":[{"href":"https:\/\/www.revistarescatados.com.ar\/web\/wp-json\/wp\/v2\/types\/post"}],"author":[{"embeddable":true,"href":"https:\/\/www.revistarescatados.com.ar\/web\/wp-json\/wp\/v2\/users\/1"}],"replies":[{"embeddable":true,"href":"https:\/\/www.revistarescatados.com.ar\/web\/wp-json\/wp\/v2\/comments?post=2840"}],"version-history":[{"count":1,"href":"https:\/\/www.revistarescatados.com.ar\/web\/wp-json\/wp\/v2\/posts\/2840\/revisions"}],"predecessor-version":[{"id":2841,"href":"https:\/\/www.revistarescatados.com.ar\/web\/wp-json\/wp\/v2\/posts\/2840\/revisions\/2841"}],"wp:featuredmedia":[{"embeddable":true,"href":"https:\/\/www.revistarescatados.com.ar\/web\/wp-json\/wp\/v2\/media\/1498"}],"wp:attachment":[{"href":"https:\/\/www.revistarescatados.com.ar\/web\/wp-json\/wp\/v2\/media?parent=2840"}],"wp:term":[{"taxonomy":"category","embeddable":true,"href":"https:\/\/www.revistarescatados.com.ar\/web\/wp-json\/wp\/v2\/categories?post=2840"},{"taxonomy":"post_tag","embeddable":true,"href":"https:\/\/www.revistarescatados.com.ar\/web\/wp-json\/wp\/v2\/tags?post=2840"}],"curies":[{"name":"wp","href":"https:\/\/api.w.org\/{rel}","templated":true}]}}