{"id":2867,"date":"2018-11-21T23:33:47","date_gmt":"2018-11-22T02:33:47","guid":{"rendered":"http:\/\/www.revistarescatados.com.ar\/web\/?p=2867"},"modified":"2018-11-21T23:33:47","modified_gmt":"2018-11-22T02:33:47","slug":"plan-del-norte-lifschitz-inauguro-obras-en-san-antonio-de-obligado-y-tacuarendi","status":"publish","type":"post","link":"https:\/\/www.revistarescatados.com.ar\/web\/2018\/11\/21\/plan-del-norte-lifschitz-inauguro-obras-en-san-antonio-de-obligado-y-tacuarendi\/","title":{"rendered":"PLAN DEL NORTE: LIFSCHITZ INAUGUR\u00d3 OBRAS EN SAN ANTONIO DE OBLIGADO Y TACUAREND\u00cd"},"content":{"rendered":"<p><img loading=\"lazy\" class=\"aligncenter size-full wp-image-2868\" src=\"http:\/\/www.revistarescatados.com.ar\/web\/wp-content\/uploads\/2018\/11\/Obligado-y-Tacuarend\u00ed-4.jpg\" alt=\"\" width=\"1280\" height=\"720\" srcset=\"https:\/\/www.revistarescatados.com.ar\/web\/wp-content\/uploads\/2018\/11\/Obligado-y-Tacuarend\u00ed-4.jpg 1280w, https:\/\/www.revistarescatados.com.ar\/web\/wp-content\/uploads\/2018\/11\/Obligado-y-Tacuarend\u00ed-4-300x169.jpg 300w, https:\/\/www.revistarescatados.com.ar\/web\/wp-content\/uploads\/2018\/11\/Obligado-y-Tacuarend\u00ed-4-768x432.jpg 768w, https:\/\/www.revistarescatados.com.ar\/web\/wp-content\/uploads\/2018\/11\/Obligado-y-Tacuarend\u00ed-4-1024x576.jpg 1024w\" sizes=\"(max-width: 1280px) 100vw, 1280px\" \/><\/p>\n<p><span style=\"color: #0000ff;\"><strong>Se trata del acceso ripiado a la localidad de Tacuarend\u00ed y obras de estabilizado granular en San Antonio de Obligado, donde tambi\u00e9n se entregaron viviendas a miembros de la comunidad aborigen Dalaxaye Compi.<\/strong><\/span><\/p>\n<p>El gobernador Miguel Lifschitz, junto con el ministro de Infraestructura y Transporte, Jos\u00e9 Garibay, y el secretario de Estado de H\u00e1bitat, Diego Leone, inauguraron este martes el acceso ripiado a la localidad de Tacuarend\u00ed y obras de estabilizado granular en San Antonio de Obligado, donde tambi\u00e9n entregaron 7 viviendas a miembros de la comunidad aborigen Dalaxaye Compi.<\/p>\n<p>En el acto realizado en San Antonio de Obligado, Lifschitz afirm\u00f3: \u201ces un gusto volver a estar en esta localidad, que he visitado varias veces pero es la primera vez que lo hago como gobernador. Lo hacemos para inaugurar obras y entregar viviendas, pero sobre todo para estar cerca de cada localidad de la provincia\u201d.<\/p>\n<p>\u201cSiempre digo que si el d\u00f3lar est\u00e1 alto, o est\u00e1 bajo, o llueve o hay sequ\u00eda, en Santa Fe se sigue produciendo. En un pa\u00eds en donde todos tienen d\u00e9ficit, Santa Fe va cerrar su presupuesto con super\u00e1vit este a\u00f1o y no porque no hayamos hecho inversiones. Todo lo contrario. Hemos invertido como nunca antes en obras p\u00fablicas, en grandes obras de infraestructura, en peque\u00f1as obras en los pueblos y ciudades, en viviendas, obras para la salud, para la educaci\u00f3n, pero tambi\u00e9n mejorando la infraestructura de las escuelas de la provincia\u201d, agreg\u00f3.<\/p>\n<p>\u201cCuando termine mi gesti\u00f3n habremos invertido 80 mil millones de pesos en los 19 departamentos que tiene la provincia, y hoy podemos decir que en la provincia hay alrededor de 20 mil familias santafesinas que tienen un sueldo gracias a la obra p\u00fablica del gobierno provincial\u201d.<\/p>\n<p>\u201cSe hace mucho esfuerzo en las localidades del interior, para hacer las cosas que tal vez en una ciudad m\u00e1s grande son m\u00e1s f\u00e1ciles\u201d, sostuvo Lifschitz en Tacuarend\u00ed, y agreg\u00f3 que eso sucede \u201cporque muchas de las cosas que se necesitan para la vida cotidiana, a veces est\u00e1n lejos. Por eso nos propusimos mejorar la calidad de vida en cada una de las localidades de la provincia\u201d.<\/p>\n<p>\u201cObras que en muchas ocasiones realizan los propios presidentes de comuna con los Fondos de Obras Menores, porque tratamos de acompa\u00f1ar el esfuerzo de las autoridades locales. Sin el trabajo y la planificaci\u00f3n que tiene cada presidente de comuna, ser\u00eda muy dif\u00edcil para nosotros llegar a cada rinc\u00f3n del territorio santafesino. Pero lo estamos haciendo y hoy tenemos m\u00e1s de 1200 obras en marcha en toda la provincia de Santa Fe, grandes y peque\u00f1as, pero no hay pueblo, por chiquito que sea, donde no haya obras que estemos ejecutando\u201d, afirm\u00f3.<\/p>\n<p><span style=\"color: #0000ff;\"><strong>PLAN DEL NORTE<\/strong><\/span><\/p>\n<p>Lifschitz tambi\u00e9n hizo referencia al Plan del Norte, y sostuvo que \u201cSanta Fe es una provincia maravillosa, de trabajo y producci\u00f3n, de gente honesta en su mayor\u00eda, y por eso nuestro gobierno trata de estar cerca de cada realidad, de cada departamento.\u201d<\/p>\n<p>\u201dParticularmente en el norte de Santa Fe estamos impulsando el Plan del Norte, que es un plan de reparaci\u00f3n hist\u00f3rica in\u00e9dito, ya que en muchas d\u00e9cadas nunca se hab\u00edan puesto tantos recursos en el norte provincial, y a esto lo hacemos no porque haya m\u00e1s habitantes que en otros lugares, sino porque hay mucho futuro, muchas demandas y muchas deudas incumplidas, y creemos que es nuestra responsabilidad cumplir con esas deudas\u201d.<\/p>\n<p>\u201cSon deudas que tienen que ver con la historia, donde el desarrollo ha sido desigual. Se ha concentrado en el sur y tenemos que traer tambi\u00e9n el desarrollo al norte de nuestra querida provincia\u201d, concluy\u00f3 el mandatario.<\/p>\n<p>Por su parte, el senador del departamento General Obligado, Orfilio Marc\u00f3n, agradeci\u00f3 la presencia del gobernador, quien \u201cm\u00e1s all\u00e1 de la cantidad de habitantes de las localidades, se toma el trabajo de forma permanente y continua y es por eso que est\u00e1 aqu\u00ed presente\u201d.<\/p>\n<p>\u201cCuando hay un gobierno que trabaja y que complementa su esfuerzo con la provincia para el bien de los ciudadanos de este lugar, los resultados son como los que estamos compartiendo en este momento\u201d, finaliz\u00f3.<\/p>\n<p><strong><span style=\"color: #0000ff;\">SAN ANTONIO DE OBLIGADO<\/span><\/strong><\/p>\n<p>Por su parte, el presidente comunal de San Antonio de Obligado, Jorge Ale, agradeci\u00f3 al \u201cgobierno de la provincia, porque sin la intervenci\u00f3n del gobierno no hubi\u00e9semos podido hacer esta obra que para nosotros es de gran valor. Esta obra hace que nosotros desviemos el tr\u00e1nsito pesado hacia la Ruta 11 y no transitar, en la \u00e9poca de zafra sobre todo, por el medio de la localidad, donde pasan frente a una escuela\u201d.<\/p>\n<p>Con respecto a las viviendas, Ale manifest\u00f3 que hac\u00eda \u201cm\u00e1s de 20 a\u00f1os que no se hac\u00edan en la localidad. Fue un esfuerzo conjunto con la Secretar\u00eda de Estado de H\u00e1bitat para encontrar la vuelta a la regularizaci\u00f3n dominial. Esta es una primera etapa de 9 viviendas para la comunidad aborigen\u201d.<\/p>\n<p>Las siete viviendas en San Antonio de Obligado se entregaron a miembros de la comunidad aborigen Dalaxaye Compi. El acto se llev\u00f3 a cabo en la nueva urbanizaci\u00f3n situada en la intersecci\u00f3n de las calles Hermete Constanzi y Cruz Alta.<\/p>\n<p><strong><span style=\"color: #0000ff;\">TACUAREND\u00cd<\/span><\/strong><\/p>\n<p>En tanto, el presidente comunal de Tacuarend\u00ed, Ra\u00fal Feck, coment\u00f3 que el distrito que \u00e9l preside \u201ces el m\u00e1s chiquito de la provincia de Santa Fe, con solo 3600 hect\u00e1reas, pero densamente poblado con algo m\u00e1s de 3600 habitantes\u201d. Son colonias que vienen progresando, que son peque\u00f1os productores que no pasan de ocho, diez o 20 hect\u00e1reas, y son gente que ha vivido siempre ac\u00e1\u201d.<\/p>\n<p>La obra que se inaugur\u00f3 son 2800 metros de ripiado en el acceso a la localidad, obra que realiz\u00f3 la comuna con fondos propios.<\/p>\n<p><span style=\"color: #0000ff;\"><strong>PRESENTES<\/strong><\/span><\/p>\n<p>En las actividad adem\u00e1s estuvieron presentes los ministros de Obras P\u00fablicas, Pedro Morini; y de Medio Ambiente, Jacinto Speranza; los diputados provinciales, Estela Yacuzzi y H\u00e9ctor Gregoret; el subsecretario de Articulaci\u00f3n Territorial del H\u00e1bitat, Rams\u00e9s Medina; el coordinador de la Regi\u00f3n 1 &#8211; Nodo Reconquista, Ra\u00fal Medina; el consejero de IPAS, Orlando S\u00e1nchez; intendentes, presidentes comunales, y otras autoridades locales y provinciales.<\/p>\n","protected":false},"excerpt":{"rendered":"<p>Se trata del acceso ripiado a la localidad de Tacuarend\u00ed y obras de estabilizado granular en San Antonio de Obligado, donde tambi\u00e9n se entregaron viviendas a miembros de la comunidad aborigen Dalaxaye&#46;&#46;&#46;<\/p>\n","protected":false},"author":1,"featured_media":2868,"comment_status":"closed","ping_status":"open","sticky":false,"template":"","format":"standard","meta":[],"categories":[6,14,8],"tags":[],"_links":{"self":[{"href":"https:\/\/www.revistarescatados.com.ar\/web\/wp-json\/wp\/v2\/posts\/2867"}],"collection":[{"href":"https:\/\/www.revistarescatados.com.ar\/web\/wp-json\/wp\/v2\/posts"}],"about":[{"href":"https:\/\/www.revistarescatados.com.ar\/web\/wp-json\/wp\/v2\/types\/post"}],"author":[{"embeddable":true,"href":"https:\/\/www.revistarescatados.com.ar\/web\/wp-json\/wp\/v2\/users\/1"}],"replies":[{"embeddable":true,"href":"https:\/\/www.revistarescatados.com.ar\/web\/wp-json\/wp\/v2\/comments?post=2867"}],"version-history":[{"count":1,"href":"https:\/\/www.revistarescatados.com.ar\/web\/wp-json\/wp\/v2\/posts\/2867\/revisions"}],"predecessor-version":[{"id":2869,"href":"https:\/\/www.revistarescatados.com.ar\/web\/wp-json\/wp\/v2\/posts\/2867\/revisions\/2869"}],"wp:featuredmedia":[{"embeddable":true,"href":"https:\/\/www.revistarescatados.com.ar\/web\/wp-json\/wp\/v2\/media\/2868"}],"wp:attachment":[{"href":"https:\/\/www.revistarescatados.com.ar\/web\/wp-json\/wp\/v2\/media?parent=2867"}],"wp:term":[{"taxonomy":"category","embeddable":true,"href":"https:\/\/www.revistarescatados.com.ar\/web\/wp-json\/wp\/v2\/categories?post=2867"},{"taxonomy":"post_tag","embeddable":true,"href":"https:\/\/www.revistarescatados.com.ar\/web\/wp-json\/wp\/v2\/tags?post=2867"}],"curies":[{"name":"wp","href":"https:\/\/api.w.org\/{rel}","templated":true}]}}