{"id":2943,"date":"2018-11-27T22:07:02","date_gmt":"2018-11-28T01:07:02","guid":{"rendered":"http:\/\/www.revistarescatados.com.ar\/web\/?p=2943"},"modified":"2018-11-27T22:07:02","modified_gmt":"2018-11-28T01:07:02","slug":"plan-del-norte-la-provincia-presento-el-area-industrial-en-nicanor-molinas","status":"publish","type":"post","link":"https:\/\/www.revistarescatados.com.ar\/web\/2018\/11\/27\/plan-del-norte-la-provincia-presento-el-area-industrial-en-nicanor-molinas\/","title":{"rendered":"PLAN DEL NORTE: LA PROVINCIA PRESENT\u00d3 EL \u00c1REA INDUSTRIAL EN NICANOR MOLINAS"},"content":{"rendered":"<p><img loading=\"lazy\" class=\"aligncenter size-full wp-image-2944\" src=\"http:\/\/www.revistarescatados.com.ar\/web\/wp-content\/uploads\/2018\/11\/viviendas.jpg\" alt=\"\" width=\"1280\" height=\"853\" srcset=\"https:\/\/www.revistarescatados.com.ar\/web\/wp-content\/uploads\/2018\/11\/viviendas.jpg 1280w, https:\/\/www.revistarescatados.com.ar\/web\/wp-content\/uploads\/2018\/11\/viviendas-300x200.jpg 300w, https:\/\/www.revistarescatados.com.ar\/web\/wp-content\/uploads\/2018\/11\/viviendas-768x512.jpg 768w, https:\/\/www.revistarescatados.com.ar\/web\/wp-content\/uploads\/2018\/11\/viviendas-1024x682.jpg 1024w\" sizes=\"(max-width: 1280px) 100vw, 1280px\" \/><\/p>\n<p>&nbsp;<\/p>\n<p><span style=\"color: #0000ff;\"><strong>El gobierno provincial, a trav\u00e9s del programa Pueblo M\u00edo y el Plan del Norte, present\u00f3 este martes el \u00c1rea Industrial de Nicanor Molinas. En este marco, se inaugur\u00f3 la obra el\u00e9ctrica extramuros de iluminaci\u00f3n y de accesibilidad en rutas y caminos, as\u00ed como tambi\u00e9n cinco viviendas destinadas a fomentar el arraigo de familias en la localidad.<\/strong><\/span><\/p>\n<p>En la oportunidad, la ministra de la Producci\u00f3n, Alicia Ciciliani, afirm\u00f3 que \u201ceste acto nos deja una enorme ense\u00f1anza, aunque estamos viviendo momentos muy dif\u00edciles y de mucha incertidumbre en el pa\u00eds, lo que vemos hoy en Nicanor Molinas, nos tiene que servir de ejemplo de fuerza a todos. En este pa\u00eds las inversiones son de los Estados honestos y eficientes y de los productores\u201d.<\/p>\n<p>Por su parte, la secretaria de Estado de la Energ\u00eda, Ver\u00f3nica Gesse, afirm\u00f3 que \u201cestos son los sue\u00f1os que nos gusta so\u00f1ar y ver que se lleven a cabo porque son necesarios. Esta es la mirada sobre el desarrollo que todav\u00eda puede tener Santa Fe y puede realizarse cuando trabajamos en equipo y comuni\u00f3n, tanto el gobierno provincial, como el comunal, y los representantes departamentales\u201d.<\/p>\n<p><strong><span style=\"color: #0000ff;\">NUEVO \u00c1REA INDUSTRIAL<\/span><\/strong><\/p>\n<p>El \u00e1rea industrial de Nicanor Molinas cuenta con 13 hect\u00e1reas y se encuentra situada en una zona accesible, sobre la Ruta 40. Ser\u00e1n destinados 31 lotes para uso industrial y un \u00e1rea de servicios. En esta primera etapa, a trav\u00e9s del programa Pueblo Mio, el gobierno provincial har\u00e1 una inversi\u00f3n total que rondar\u00e1 los $ 8.000.000. De este total, $ 1.900.000, fueron destinados a realizar la obra el\u00e9ctrica extramuros que ya est\u00e1 ejecutada, y $ 1.600.000 se consignaron para la construcci\u00f3n de soluciones habitacionales.<\/p>\n<p>Pr\u00f3ximamente, se ejecutar\u00e1 el estabilizado granular en las calles del \u00e1rea, para lo cual el gobierno provincial invertir\u00e1 $ 4.000.000, que significa el 80% de la obra, mientras que del 20% restante se har\u00e1 cargo la comuna.<\/p>\n<p>El presidente comunal, Roberto Giuliani, se\u00f1al\u00f3 la importancia del apoyo de la provincia y afirm\u00f3 que \u201cdesde el principio estuvimos seguros de que hab\u00eda que continuar con este proyecto que se comenz\u00f3 en la gesti\u00f3n anterior. Hoy es un d\u00eda de agradecimiento, principalmente al gobierno provincial por acompa\u00f1arnos a concretar este sue\u00f1o que es una pol\u00edtica de Estado a punto de cumplirse. Pueblo M\u00edo son dos palabras que en Nicanor Molinas nunca vamos a olvidar\u201d.<\/p>\n<p>En tanto, el coordinador de la Regi\u00f3n 1 \u2013 Nodo Reconquista, Ra\u00fal Medina, destac\u00f3 que \u201cpensar en un \u00e1rea industrial en este momento tan dif\u00edcil del pa\u00eds, es un claro ejemplo de que la provincia sigue apostando al trabajo y a los pueblos peque\u00f1os, demuestra que las obras se hacen realidad en todo Santa Fe\u201d.<\/p>\n<p>A su turno, el coordinador del Plan del Norte, Sergio Rojas, expres\u00f3 que \u201cPueblo M\u00edo en Nicanor Molinas es un ejemplo de lo que pensamos para el norte de Santa Fe, que es un territorio determinado con pol\u00edticas de Estado espec\u00edficas. En este caso con dos objetivos: el arraigo (que quienes nacieron aqu\u00ed elijan quedarse) y el desarrollo de la localidad\u201d.<\/p>\n<p>Por \u00faltimo, el senador Orfilio Marc\u00f3n sostuvo que \u201ceste fue un proyecto muy ambicioso, que la provincia acompa\u00f1\u00f3 como nunca en estos tiempos, brindando la infraestructura necesaria\u201d.<\/p>\n<p><span style=\"color: #0000ff;\"><strong>PRESENTES<\/strong><\/span><\/p>\n<p>Tambi\u00e9n estuvieron presentes los secretarios de Industria de Santa Fe, Carlos Pighin; de Gobernaci\u00f3n, Lisandro D\u2019Anna; el subsecretario de Regiones, Municipios y Comunas, Pablo Pinotti; y la directora ejecutiva de Santa Fe Global, D\u00e9bora Marini.<\/p>\n<p><span style=\"color: #0000ff;\"><strong>PLAN DEL NORTE<\/strong><\/span><\/p>\n<p>El Plan del Norte es una iniciativa del Gobierno de la provincia de Santa Fe que busca dar un salto cualitativo en la transformaci\u00f3n del norte provincial, intensificando la presencia del Estado en los departamentos Vera, 9 de Julio y General Obligado, a fin de reducir las brechas territoriales, sociales y econ\u00f3mico-productivas resultado de un modelo de desarrollo que a lo largo de m\u00e1s de 150 a\u00f1os se ha inclinado a favor del centro-sur provincial.<\/p>\n<p>El Plan del Norte busca potenciar capacidades, recursos y oportunidades, promover el arraigo de la poblaci\u00f3n y el fortalecimiento econ\u00f3mico-productivo, y alcanzar una mayor integraci\u00f3n de la regi\u00f3n a la din\u00e1mica provincial.<\/p>\n<p><span style=\"color: #0000ff;\"><strong>\u201cPUEBLO MIO\u201d: TU FUTURO EN TU PUEBLO<\/strong><\/span><\/p>\n<p>El programa tiene como objetivo lograr el desarrollo econ\u00f3mico y el arraigo poblacional de las comunas de toda la provincia, a trav\u00e9s de la implementaci\u00f3n de herramientas, iniciativas y acciones interministeriales.<\/p>\n<p>Acompa\u00f1a la instalaci\u00f3n de nuevos emprendimientos productivos en terrenos o \u00e1reas industriales propuestas por las localidades, realiza los estudios de factibilidad, gestiona y eval\u00faa junto con la Empresa Provincial de la Energ\u00eda (EPE) el tendido el\u00e9ctrico y la instalaci\u00f3n extramuros.<\/p>\n<p>A eso se sumar\u00e1 la generaci\u00f3n de un r\u00e9gimen de promoci\u00f3n industrial con beneficios impositivos, fiscales y tarifas diferenciales que sirvan como aliciente para atraer las inversiones, entre otras acciones.<\/p>\n<p>El programa Pueblo M\u00edo se est\u00e1 implementando en otras localidades de la provincia de Santa Fe. En la actualidad se encuentran financiados, el \u00c1rea Industrial San Jer\u00f3nimo del Sauce, Presidente Roca y Emilia. En tanto, los proyectos avanzados se encuentran en las localidades de: Correa, Coronel Bogado, Miguel Torres, Zen\u00f3n Pereyra, Cayast\u00e1 y Culul\u00fa.<\/p>\n","protected":false},"excerpt":{"rendered":"<p>&nbsp; El gobierno provincial, a trav\u00e9s del programa Pueblo M\u00edo y el Plan del Norte, present\u00f3 este martes el \u00c1rea Industrial de Nicanor Molinas. En este marco, se inaugur\u00f3 la obra el\u00e9ctrica&#46;&#46;&#46;<\/p>\n","protected":false},"author":1,"featured_media":2944,"comment_status":"closed","ping_status":"open","sticky":false,"template":"","format":"standard","meta":[],"categories":[6,10,14,8],"tags":[],"_links":{"self":[{"href":"https:\/\/www.revistarescatados.com.ar\/web\/wp-json\/wp\/v2\/posts\/2943"}],"collection":[{"href":"https:\/\/www.revistarescatados.com.ar\/web\/wp-json\/wp\/v2\/posts"}],"about":[{"href":"https:\/\/www.revistarescatados.com.ar\/web\/wp-json\/wp\/v2\/types\/post"}],"author":[{"embeddable":true,"href":"https:\/\/www.revistarescatados.com.ar\/web\/wp-json\/wp\/v2\/users\/1"}],"replies":[{"embeddable":true,"href":"https:\/\/www.revistarescatados.com.ar\/web\/wp-json\/wp\/v2\/comments?post=2943"}],"version-history":[{"count":1,"href":"https:\/\/www.revistarescatados.com.ar\/web\/wp-json\/wp\/v2\/posts\/2943\/revisions"}],"predecessor-version":[{"id":2945,"href":"https:\/\/www.revistarescatados.com.ar\/web\/wp-json\/wp\/v2\/posts\/2943\/revisions\/2945"}],"wp:featuredmedia":[{"embeddable":true,"href":"https:\/\/www.revistarescatados.com.ar\/web\/wp-json\/wp\/v2\/media\/2944"}],"wp:attachment":[{"href":"https:\/\/www.revistarescatados.com.ar\/web\/wp-json\/wp\/v2\/media?parent=2943"}],"wp:term":[{"taxonomy":"category","embeddable":true,"href":"https:\/\/www.revistarescatados.com.ar\/web\/wp-json\/wp\/v2\/categories?post=2943"},{"taxonomy":"post_tag","embeddable":true,"href":"https:\/\/www.revistarescatados.com.ar\/web\/wp-json\/wp\/v2\/tags?post=2943"}],"curies":[{"name":"wp","href":"https:\/\/api.w.org\/{rel}","templated":true}]}}