{"id":3047,"date":"2018-12-07T22:05:42","date_gmt":"2018-12-08T01:05:42","guid":{"rendered":"http:\/\/www.revistarescatados.com.ar\/web\/?p=3047"},"modified":"2018-12-07T22:18:43","modified_gmt":"2018-12-08T01:18:43","slug":"se-habilito-un-paseo-navideno-en-calchaqui","status":"publish","type":"post","link":"https:\/\/www.revistarescatados.com.ar\/web\/2018\/12\/07\/se-habilito-un-paseo-navideno-en-calchaqui\/","title":{"rendered":"Se habilit\u00f3 un paseo navide\u00f1o en Calchaqu\u00ed (videos)"},"content":{"rendered":"<p><img loading=\"lazy\" class=\"aligncenter size-full wp-image-3048\" src=\"http:\/\/www.revistarescatados.com.ar\/web\/wp-content\/uploads\/2018\/12\/arbol-navide\u00f1o.jpg\" alt=\"\" width=\"1383\" height=\"922\" srcset=\"https:\/\/www.revistarescatados.com.ar\/web\/wp-content\/uploads\/2018\/12\/arbol-navide\u00f1o.jpg 1383w, https:\/\/www.revistarescatados.com.ar\/web\/wp-content\/uploads\/2018\/12\/arbol-navide\u00f1o-300x200.jpg 300w, https:\/\/www.revistarescatados.com.ar\/web\/wp-content\/uploads\/2018\/12\/arbol-navide\u00f1o-768x512.jpg 768w, https:\/\/www.revistarescatados.com.ar\/web\/wp-content\/uploads\/2018\/12\/arbol-navide\u00f1o-1024x683.jpg 1024w\" sizes=\"(max-width: 1383px) 100vw, 1383px\" \/><\/p>\n<p><span style=\"color: #0000ff;\"><strong>En el marco del cierre de actividades institucionales del municipio, se encendi\u00f3 un \u00e1rbol navide\u00f1o gigante con adornos realizados con material reciclado. Adem\u00e1s varias instituciones locales sumaron sus \u00e1rboles a la iniciativa.<\/strong><\/span><\/p>\n<p>Este viernes 7 de diciembre, en la plazoleta del centenario, se llev\u00f3 a cabo el acto que fue encabezado por el intendente Rub\u00e9n Cuello, senador Osvaldo Sosa, miembros del gabinete municipal, concejales, referentes institucionales y p\u00fablico en general.<\/p>\n<p>La bendici\u00f3n del acto estuvo a cargo del cura p\u00e1rroco Walter V\u00e9nica y el pastor Juan Carlos Lizardia.<\/p>\n<div id=\"fb-root\"><\/div>\n<p><script>(function(d, s, id) {  var js, fjs = d.getElementsByTagName(s)[0];  if (d.getElementById(id)) return;  js = d.createElement(s); js.id = id;  js.src = 'https:\/\/connect.facebook.net\/en_US\/sdk.js#xfbml=1&version=v3.2';  fjs.parentNode.insertBefore(js, fjs);}(document, 'script', 'facebook-jssdk'));<\/script><\/p>\n<div class=\"fb-video\" data-href=\"https:\/\/www.facebook.com\/rescatados.calchaqui.5\/videos\/1121177528065014\/\" data-width=\"500\">\n<blockquote cite=\"https:\/\/www.facebook.com\/rescatados.calchaqui.5\/videos\/1121177528065014\/\" class=\"fb-xfbml-parse-ignore\"><p><a href=\"https:\/\/www.facebook.com\/rescatados.calchaqui.5\/videos\/1121177528065014\/\"><\/a><\/p>\n<p>Bendici\u00f3n del Ap. Juan Carlos Lizzardia y el Pbro. Walter V\u00e9nica en el cierre de actividades institucionales en la plazoleta del centenario.<\/p>\n<p>Posted by <a href=\"https:\/\/www.facebook.com\/rescatados.calchaqui.5\/\">Rescatados Television &#8211; Calchaqui<\/a> on Friday, December 7, 2018<\/p><\/blockquote>\n<\/div>\n<p>En pantalla gigante, se proyect\u00f3 un video con las diferentes actividades realizadas por las \u00e1reas de la gesti\u00f3n municipal. En sus palabras, la secretaria de desarrollo social Antonela Beltramino, valor\u00f3 el gran trabajo en equipo. A su vez el intendente augur\u00f3 deseos de esperanza para el nuevo a\u00f1o que se avecina.<\/p>\n<div id=\"fb-root\"><\/div>\n<p><script>(function(d, s, id) {  var js, fjs = d.getElementsByTagName(s)[0];  if (d.getElementById(id)) return;  js = d.createElement(s); js.id = id;  js.src = 'https:\/\/connect.facebook.net\/en_US\/sdk.js#xfbml=1&version=v3.2';  fjs.parentNode.insertBefore(js, fjs);}(document, 'script', 'facebook-jssdk'));<\/script><\/p>\n<div class=\"fb-video\" data-href=\"https:\/\/www.facebook.com\/rescatados.calchaqui.5\/videos\/445848072621056\/\" data-width=\"500\">\n<blockquote cite=\"https:\/\/www.facebook.com\/rescatados.calchaqui.5\/videos\/445848072621056\/\" class=\"fb-xfbml-parse-ignore\"><p><a href=\"https:\/\/www.facebook.com\/rescatados.calchaqui.5\/videos\/445848072621056\/\"><\/a><\/p>\n<p>Palabras del intendente Rub\u00e9n Cuello.<\/p>\n<p>Posted by <a href=\"https:\/\/www.facebook.com\/rescatados.calchaqui.5\/\">Rescatados Television &#8211; Calchaqui<\/a> on Friday, December 7, 2018<\/p><\/blockquote>\n<\/div>\n<p>La coordinadora Soledad Vivas, hizo entrega de certificados al equipo que trabajo en la confecci\u00f3n de 56 adornos que fueron colocados en las farolas de iluminaci\u00f3n del boulevard, un trencito de madera y la estructura met\u00e1lica del \u00e1rbol navide\u00f1o. Se reciclaron m\u00e1s de 6000 botellas pl\u00e1sticas.<\/p>\n<p>El intendente y el senador, entregaron diplomas a las instituciones que sumaron su aporte al paseo navide\u00f1o.<\/p>\n<p>Finalmente las autoridades y el equipo, encendieron el \u00e1rbol y el evento culmin\u00f3 con el lanzamiento de fuegos artificiales.<\/p>\n<div id=\"fb-root\"><\/div>\n<p><script>(function(d, s, id) {  var js, fjs = d.getElementsByTagName(s)[0];  if (d.getElementById(id)) return;  js = d.createElement(s); js.id = id;  js.src = 'https:\/\/connect.facebook.net\/en_US\/sdk.js#xfbml=1&version=v3.2';  fjs.parentNode.insertBefore(js, fjs);}(document, 'script', 'facebook-jssdk'));<\/script><\/p>\n<div class=\"fb-video\" data-href=\"https:\/\/www.facebook.com\/rescatados.calchaqui.5\/videos\/1879020372208501\/\" data-width=\"500\">\n<blockquote cite=\"https:\/\/www.facebook.com\/rescatados.calchaqui.5\/videos\/1879020372208501\/\" class=\"fb-xfbml-parse-ignore\"><p><a href=\"https:\/\/www.facebook.com\/rescatados.calchaqui.5\/videos\/1879020372208501\/\"><\/a><\/p>\n<p>As\u00ed se encend\u00eda el Arbol Navide\u00f1o en el paseo inaugurado, ubicado en la plazoleta del Centenario. Un punto de encuentro para Calchaqu\u00ed.<\/p>\n<p>Posted by <a href=\"https:\/\/www.facebook.com\/rescatados.calchaqui.5\/\">Rescatados Television &#8211; Calchaqui<\/a> on Friday, December 7, 2018<\/p><\/blockquote>\n<\/div>\n","protected":false},"excerpt":{"rendered":"<p>En el marco del cierre de actividades institucionales del municipio, se encendi\u00f3 un \u00e1rbol navide\u00f1o gigante con adornos realizados con material reciclado. Adem\u00e1s varias instituciones locales sumaron sus \u00e1rboles a la iniciativa.&#46;&#46;&#46;<\/p>\n","protected":false},"author":1,"featured_media":3048,"comment_status":"closed","ping_status":"open","sticky":false,"template":"","format":"standard","meta":[],"categories":[2,7,3,16],"tags":[],"_links":{"self":[{"href":"https:\/\/www.revistarescatados.com.ar\/web\/wp-json\/wp\/v2\/posts\/3047"}],"collection":[{"href":"https:\/\/www.revistarescatados.com.ar\/web\/wp-json\/wp\/v2\/posts"}],"about":[{"href":"https:\/\/www.revistarescatados.com.ar\/web\/wp-json\/wp\/v2\/types\/post"}],"author":[{"embeddable":true,"href":"https:\/\/www.revistarescatados.com.ar\/web\/wp-json\/wp\/v2\/users\/1"}],"replies":[{"embeddable":true,"href":"https:\/\/www.revistarescatados.com.ar\/web\/wp-json\/wp\/v2\/comments?post=3047"}],"version-history":[{"count":2,"href":"https:\/\/www.revistarescatados.com.ar\/web\/wp-json\/wp\/v2\/posts\/3047\/revisions"}],"predecessor-version":[{"id":3050,"href":"https:\/\/www.revistarescatados.com.ar\/web\/wp-json\/wp\/v2\/posts\/3047\/revisions\/3050"}],"wp:featuredmedia":[{"embeddable":true,"href":"https:\/\/www.revistarescatados.com.ar\/web\/wp-json\/wp\/v2\/media\/3048"}],"wp:attachment":[{"href":"https:\/\/www.revistarescatados.com.ar\/web\/wp-json\/wp\/v2\/media?parent=3047"}],"wp:term":[{"taxonomy":"category","embeddable":true,"href":"https:\/\/www.revistarescatados.com.ar\/web\/wp-json\/wp\/v2\/categories?post=3047"},{"taxonomy":"post_tag","embeddable":true,"href":"https:\/\/www.revistarescatados.com.ar\/web\/wp-json\/wp\/v2\/tags?post=3047"}],"curies":[{"name":"wp","href":"https:\/\/api.w.org\/{rel}","templated":true}]}}