{"id":31,"date":"2018-04-09T00:23:30","date_gmt":"2018-04-09T03:23:30","guid":{"rendered":"http:\/\/www.revistarescatados.com.ar\/web\/?p=31"},"modified":"2018-04-09T19:11:40","modified_gmt":"2018-04-09T22:11:40","slug":"plan-del-norte-comenzaron-las-capacitaciones-gratuitas-para-organizaciones-sociales","status":"publish","type":"post","link":"https:\/\/www.revistarescatados.com.ar\/web\/2018\/04\/09\/plan-del-norte-comenzaron-las-capacitaciones-gratuitas-para-organizaciones-sociales\/","title":{"rendered":"Plan del norte: Comenzaron las capacitaciones gratuitas para organizaciones sociales"},"content":{"rendered":"<div><img loading=\"lazy\" class=\"aligncenter size-full wp-image-32\" src=\"http:\/\/www.revistarescatados.com.ar\/web\/wp-content\/uploads\/2018\/04\/Capacitacio\u0301n-Tostado.jpg\" alt=\"\" width=\"1280\" height=\"853\" srcset=\"https:\/\/www.revistarescatados.com.ar\/web\/wp-content\/uploads\/2018\/04\/Capacitacio\u0301n-Tostado.jpg 1280w, https:\/\/www.revistarescatados.com.ar\/web\/wp-content\/uploads\/2018\/04\/Capacitacio\u0301n-Tostado-300x200.jpg 300w, https:\/\/www.revistarescatados.com.ar\/web\/wp-content\/uploads\/2018\/04\/Capacitacio\u0301n-Tostado-768x512.jpg 768w, https:\/\/www.revistarescatados.com.ar\/web\/wp-content\/uploads\/2018\/04\/Capacitacio\u0301n-Tostado-1024x682.jpg 1024w\" sizes=\"(max-width: 1280px) 100vw, 1280px\" \/><\/div>\n<div><span style=\"color: #0000ff;\"><b>Se trata de una propuesta para aquellos grupos interesados en constituirse como\u00a0nuevas personas jur\u00eddicas o en regularizar aspectos vinculados a su subsistencia. Las primeras capacitaciones se realizaron en las ciudades de Tostado y Vera, los d\u00edas viernes 6 y s\u00e1bado 7 de abril, respectivamente.<\/b><\/span><\/div>\n<div>\n<p>\u201cCuando iniciamos la construcci\u00f3n del Plan del Norte en 2016, a trav\u00e9s de foros en el territorio, dejamos en claro que el plan va m\u00e1s all\u00e1 las obras de infraestructura que son fundamentales para los tres departamentos del norte santafesino. As\u00ed, incluye fuertes pol\u00edticas p\u00fablicas vinculadas a los ministerios de Desarrollo Social, Trabajo, Innovaci\u00f3n y Cultura, Producci\u00f3n, etc. En ese contexto, detectamos la necesidad de brindar herramientas, asesoramiento y capacitaciones para las organizaciones sociales, ya que algunas est\u00e1n conformadas con personer\u00eda jur\u00eddica pero otras no, y vienen trabajando hace d\u00e9cadas\u201d, explic\u00f3 Sergio Rojas.<\/p>\n<p>En esa direcci\u00f3n, el coordinador asegur\u00f3 que \u201cdesde el Plan del Norte, tenemos como uno de los objetivos fundamentales el desarrollo, y quiero decirles que no hay desarrollo posible sin el trabajo con las organizaciones del territorio. Por eso estamos ac\u00e1, donde adem\u00e1s de consultar, priorizar y definir proyectos con ustedes, venimos a ofrecerles herramientas para que puedan fortalecerse y continuar trabajando juntos\u201d.<\/p>\n<p>Por su parte, Cecilia Nieva, miembro de Rizoma &#8211; ONG encargada de llevar adelante la capacitaci\u00f3n &#8211; indic\u00f3 que el surgimiento de su asociaci\u00f3n civil se dio ante la visualizaci\u00f3n \u201cde una problem\u00e1tica en la sociedad, al comprender que las instituciones sociales empezaban a funcionar, ten\u00eda una idea y un proyecto, segu\u00edan su camino pero en un momento necesitaban fondos o regularizar por alg\u00fan motivo su situaci\u00f3n jur\u00eddica, y no sab\u00edan c\u00f3mo hacerlo. Entonces, decidimos darles una mano, pero no haci\u00e9ndoles el trabajo, sino ense\u00f1\u00e1ndoles, explic\u00e1ndoles c\u00f3mo es el proceso, para que tengan las herramientas y no dependan de nadie para cada tr\u00e1mite\u201d.<\/p>\n<p>Nieva prosigui\u00f3 se\u00f1alando que \u201cel a\u00f1o pasado fuimos convocados por el Gobierno de Santa Fe, en el marco del Plan del Norte, para dictar estas charlas que tendr\u00e1n dos encuentros en 2018, donde se capacitar\u00e1 y guiar\u00e1 a organizaciones interesadas\u00a0en, por un lado, la constituci\u00f3n como nuevas personas jur\u00eddicas; y por otro, la subsistencia, corrigiendo falencias de orden jur\u00eddico, institucional y administrativo-contable que dificulta el funcionamiento regular, y con ello la posibilidad de acceder a programas de cooperaci\u00f3n, asistencia y otros recursos disponibles\u201d.<\/p>\n<p><img loading=\"lazy\" class=\"aligncenter size-full wp-image-33\" src=\"http:\/\/www.revistarescatados.com.ar\/web\/wp-content\/uploads\/2018\/04\/Capacitacio\u0301n-Vera.jpg\" alt=\"\" width=\"1280\" height=\"853\" srcset=\"https:\/\/www.revistarescatados.com.ar\/web\/wp-content\/uploads\/2018\/04\/Capacitacio\u0301n-Vera.jpg 1280w, https:\/\/www.revistarescatados.com.ar\/web\/wp-content\/uploads\/2018\/04\/Capacitacio\u0301n-Vera-300x200.jpg 300w, https:\/\/www.revistarescatados.com.ar\/web\/wp-content\/uploads\/2018\/04\/Capacitacio\u0301n-Vera-768x512.jpg 768w, https:\/\/www.revistarescatados.com.ar\/web\/wp-content\/uploads\/2018\/04\/Capacitacio\u0301n-Vera-1024x682.jpg 1024w\" sizes=\"(max-width: 1280px) 100vw, 1280px\" \/><\/p>\n<p><span style=\"color: #0000ff;\"><b>CAPACITACIONES<\/b><\/span><\/p>\n<p>La propuesta se destina a\u00a0organizaciones sociales de los departamentos 9 de Julio, Vera y General Obligado, abarcando a asociaciones civiles, clubes sociales y deportivos, vecinales, asociaciones\u00a0juveniles y\u00a0otros grupos con intereses o actividades en com\u00fan. Son abiertas, libres y gratuitas, para personas interesadas en la tem\u00e1tica, formen o no parte de alguna agrupaci\u00f3n.<\/p>\n<p>Se plantearon cuatro sedes y se realizar\u00e1n en dos instancias. Las primeras fueron llevadas adelante en las ciudades de Tostado y Vera, los d\u00edas viernes 6 y s\u00e1bado 7 de abril, respectivamente. Mientras que la semana pr\u00f3xima se ejecutar\u00e1n en Reconquista y Villa Ocampo.<\/p>\n<p>La primera ronda aborda las tem\u00e1ticas de: planificaci\u00f3n, personer\u00eda jur\u00eddica, y libros contables. La segunda ronda, a desarrollarse en el mes de octubre, avanzar\u00e1 sobre aspectos vinculados a\u00a0 gesti\u00f3n y evaluaci\u00f3n\u00a0de proyectos, alternativas de financiamiento estatales y privadas, y rendici\u00f3n de cuentas.<\/p>\n<p><span style=\"color: #0000ff;\"><b>CALENDARIO DE LA PRIMERA RONDA<\/b><\/span><\/p>\n<p>&#8211; Reconquista: 13 de abril, de 15 a 19.30 horas, en el Centro de Empleados de Comercio (San Mart\u00edn 888).<\/p>\n<p>&#8211; Villa Ocampo: 14 de abril, de 8.30 a 13 horas, en el Club Arno (25 de Mayo 1951).<\/p>\n<p>Para la pre-inscripci\u00f3n, es posible completar el formulario disponible en\u00a0<a href=\"https:\/\/goo.gl\/forms\/CKr2JQO6CIxtUQL12\" target=\"_blank\" rel=\"noopener noreferrer\">https:\/\/goo.gl\/forms\/CKr2JQO6CIxtUQL12<\/a><\/p>\n<p>Aquellos que participen de las capacitaciones en abril y octubre, recibir\u00e1n certificados de asistencia.<\/p>\n<\/div>\n","protected":false},"excerpt":{"rendered":"<p>Se trata de una propuesta para aquellos grupos interesados en constituirse como\u00a0nuevas personas jur\u00eddicas o en regularizar aspectos vinculados a su subsistencia. Las primeras capacitaciones se realizaron en las ciudades de Tostado&#46;&#46;&#46;<\/p>\n","protected":false},"author":1,"featured_media":33,"comment_status":"open","ping_status":"open","sticky":false,"template":"","format":"standard","meta":[],"categories":[6,3,16,14,8],"tags":[],"_links":{"self":[{"href":"https:\/\/www.revistarescatados.com.ar\/web\/wp-json\/wp\/v2\/posts\/31"}],"collection":[{"href":"https:\/\/www.revistarescatados.com.ar\/web\/wp-json\/wp\/v2\/posts"}],"about":[{"href":"https:\/\/www.revistarescatados.com.ar\/web\/wp-json\/wp\/v2\/types\/post"}],"author":[{"embeddable":true,"href":"https:\/\/www.revistarescatados.com.ar\/web\/wp-json\/wp\/v2\/users\/1"}],"replies":[{"embeddable":true,"href":"https:\/\/www.revistarescatados.com.ar\/web\/wp-json\/wp\/v2\/comments?post=31"}],"version-history":[{"count":1,"href":"https:\/\/www.revistarescatados.com.ar\/web\/wp-json\/wp\/v2\/posts\/31\/revisions"}],"predecessor-version":[{"id":34,"href":"https:\/\/www.revistarescatados.com.ar\/web\/wp-json\/wp\/v2\/posts\/31\/revisions\/34"}],"wp:featuredmedia":[{"embeddable":true,"href":"https:\/\/www.revistarescatados.com.ar\/web\/wp-json\/wp\/v2\/media\/33"}],"wp:attachment":[{"href":"https:\/\/www.revistarescatados.com.ar\/web\/wp-json\/wp\/v2\/media?parent=31"}],"wp:term":[{"taxonomy":"category","embeddable":true,"href":"https:\/\/www.revistarescatados.com.ar\/web\/wp-json\/wp\/v2\/categories?post=31"},{"taxonomy":"post_tag","embeddable":true,"href":"https:\/\/www.revistarescatados.com.ar\/web\/wp-json\/wp\/v2\/tags?post=31"}],"curies":[{"name":"wp","href":"https:\/\/api.w.org\/{rel}","templated":true}]}}