{"id":3121,"date":"2018-12-11T15:59:35","date_gmt":"2018-12-11T18:59:35","guid":{"rendered":"http:\/\/www.revistarescatados.com.ar\/web\/?p=3121"},"modified":"2018-12-11T15:59:35","modified_gmt":"2018-12-11T18:59:35","slug":"la-escuela-especial-despidio-a-tres-nuevas-egresadas","status":"publish","type":"post","link":"https:\/\/www.revistarescatados.com.ar\/web\/2018\/12\/11\/la-escuela-especial-despidio-a-tres-nuevas-egresadas\/","title":{"rendered":"La escuela especial despidi\u00f3 a tres nuevas egresadas"},"content":{"rendered":"<p><img loading=\"lazy\" class=\"aligncenter size-full wp-image-3122\" src=\"http:\/\/www.revistarescatados.com.ar\/web\/wp-content\/uploads\/2018\/12\/Acto-escuela-2106-1.jpg\" alt=\"\" width=\"960\" height=\"720\" srcset=\"https:\/\/www.revistarescatados.com.ar\/web\/wp-content\/uploads\/2018\/12\/Acto-escuela-2106-1.jpg 960w, https:\/\/www.revistarescatados.com.ar\/web\/wp-content\/uploads\/2018\/12\/Acto-escuela-2106-1-300x225.jpg 300w, https:\/\/www.revistarescatados.com.ar\/web\/wp-content\/uploads\/2018\/12\/Acto-escuela-2106-1-768x576.jpg 768w\" sizes=\"(max-width: 960px) 100vw, 960px\" \/><\/p>\n<p><span style=\"color: #0000ff;\"><strong>Esta ma\u00f1ana se realiz\u00f3 el acto de fin de curso en el sal\u00f3n del Centro de Jubilados, donde Leonela Vallejos, Miriam Sambucaro y Soledad G\u00f3mez recibieron sus diplomas de graduaci\u00f3n.<\/strong><\/span><\/p>\n<p>La comunidad educativa de la Escuela Especial N\u00ba 2106 \u201cDr. Luis Marcos Tiscornia\u201d llev a cabo este martes su acto para despedir a tres flamantes egresadas. Adem\u00e1s de las palabras alusivas, hubo n\u00fameros art\u00edsticos de baile y la representaci\u00f3n del pesebre navide\u00f1o. Adem\u00e1s los alumnos destacados del a\u00f1o recibieron presentes de entidades p\u00fablicas.<\/p>\n<p><img loading=\"lazy\" class=\"aligncenter size-full wp-image-3123\" src=\"http:\/\/www.revistarescatados.com.ar\/web\/wp-content\/uploads\/2018\/12\/Acto-escuela-2106.jpg\" alt=\"\" width=\"960\" height=\"720\" srcset=\"https:\/\/www.revistarescatados.com.ar\/web\/wp-content\/uploads\/2018\/12\/Acto-escuela-2106.jpg 960w, https:\/\/www.revistarescatados.com.ar\/web\/wp-content\/uploads\/2018\/12\/Acto-escuela-2106-300x225.jpg 300w, https:\/\/www.revistarescatados.com.ar\/web\/wp-content\/uploads\/2018\/12\/Acto-escuela-2106-768x576.jpg 768w\" sizes=\"(max-width: 960px) 100vw, 960px\" \/><\/p>\n","protected":false},"excerpt":{"rendered":"<p>Esta ma\u00f1ana se realiz\u00f3 el acto de fin de curso en el sal\u00f3n del Centro de Jubilados, donde Leonela Vallejos, Miriam Sambucaro y Soledad G\u00f3mez recibieron sus diplomas de graduaci\u00f3n. La comunidad&#46;&#46;&#46;<\/p>\n","protected":false},"author":1,"featured_media":3122,"comment_status":"closed","ping_status":"open","sticky":false,"template":"","format":"standard","meta":[],"categories":[2,3,15],"tags":[],"_links":{"self":[{"href":"https:\/\/www.revistarescatados.com.ar\/web\/wp-json\/wp\/v2\/posts\/3121"}],"collection":[{"href":"https:\/\/www.revistarescatados.com.ar\/web\/wp-json\/wp\/v2\/posts"}],"about":[{"href":"https:\/\/www.revistarescatados.com.ar\/web\/wp-json\/wp\/v2\/types\/post"}],"author":[{"embeddable":true,"href":"https:\/\/www.revistarescatados.com.ar\/web\/wp-json\/wp\/v2\/users\/1"}],"replies":[{"embeddable":true,"href":"https:\/\/www.revistarescatados.com.ar\/web\/wp-json\/wp\/v2\/comments?post=3121"}],"version-history":[{"count":1,"href":"https:\/\/www.revistarescatados.com.ar\/web\/wp-json\/wp\/v2\/posts\/3121\/revisions"}],"predecessor-version":[{"id":3124,"href":"https:\/\/www.revistarescatados.com.ar\/web\/wp-json\/wp\/v2\/posts\/3121\/revisions\/3124"}],"wp:featuredmedia":[{"embeddable":true,"href":"https:\/\/www.revistarescatados.com.ar\/web\/wp-json\/wp\/v2\/media\/3122"}],"wp:attachment":[{"href":"https:\/\/www.revistarescatados.com.ar\/web\/wp-json\/wp\/v2\/media?parent=3121"}],"wp:term":[{"taxonomy":"category","embeddable":true,"href":"https:\/\/www.revistarescatados.com.ar\/web\/wp-json\/wp\/v2\/categories?post=3121"},{"taxonomy":"post_tag","embeddable":true,"href":"https:\/\/www.revistarescatados.com.ar\/web\/wp-json\/wp\/v2\/tags?post=3121"}],"curies":[{"name":"wp","href":"https:\/\/api.w.org\/{rel}","templated":true}]}}