{"id":316,"date":"2018-04-30T13:52:04","date_gmt":"2018-04-30T16:52:04","guid":{"rendered":"http:\/\/www.revistarescatados.com.ar\/web\/?p=316"},"modified":"2018-04-30T13:52:04","modified_gmt":"2018-04-30T16:52:04","slug":"el-balance-economico-de-la-cooperativa-de-electrificacion-rural-de-calchaqui-tuvo-un-superavit-de-mas-de-1-300-000-pesos","status":"publish","type":"post","link":"https:\/\/www.revistarescatados.com.ar\/web\/2018\/04\/30\/el-balance-economico-de-la-cooperativa-de-electrificacion-rural-de-calchaqui-tuvo-un-superavit-de-mas-de-1-300-000-pesos\/","title":{"rendered":"El balance econ\u00f3mico de la Cooperativa de electrificaci\u00f3n rural de Calchaqu\u00ed tuvo un super\u00e1vit de m\u00e1s de 1.300.000 pesos"},"content":{"rendered":"<p><img loading=\"lazy\" class=\"aligncenter size-full wp-image-317\" src=\"http:\/\/www.revistarescatados.com.ar\/web\/wp-content\/uploads\/2018\/04\/Asamblea-Cooperativa-de-Electrificacion-rural.jpg\" alt=\"\" width=\"1383\" height=\"922\" srcset=\"https:\/\/www.revistarescatados.com.ar\/web\/wp-content\/uploads\/2018\/04\/Asamblea-Cooperativa-de-Electrificacion-rural.jpg 1383w, https:\/\/www.revistarescatados.com.ar\/web\/wp-content\/uploads\/2018\/04\/Asamblea-Cooperativa-de-Electrificacion-rural-300x200.jpg 300w, https:\/\/www.revistarescatados.com.ar\/web\/wp-content\/uploads\/2018\/04\/Asamblea-Cooperativa-de-Electrificacion-rural-768x512.jpg 768w, https:\/\/www.revistarescatados.com.ar\/web\/wp-content\/uploads\/2018\/04\/Asamblea-Cooperativa-de-Electrificacion-rural-1024x683.jpg 1024w\" sizes=\"(max-width: 1383px) 100vw, 1383px\" \/><\/p>\n<p><span style=\"color: #0000ff;\"><strong>As\u00ed se comunic\u00f3 a los asociados en la asamblea realizado el jueves 26 de abril, donde se dio a conocer la memoria, estados contables, informe del s\u00edndico y del auditor externo correspondientes al Ejercicio Econ\u00f3mico N\u00ba32, cerrado el 31 de diciembre de 2017.<\/strong><\/span><\/p>\n<p><span style=\"color: #0000ff;\"><strong>MEMORIA<\/strong><\/span><\/p>\n<p>Si bien nuestro Pa\u00eds se encuentra atravesando una situaci\u00f3n compleja en t\u00e9rminos econ\u00f3micos y financieros donde los m\u00e1rgenes de ganancia son cada vez m\u00e1s peque\u00f1os dado que los diversos costos y cargas impositivas aumentan a\u00f1o tras a\u00f1o, no pudiendo ser trasladados dichos incrementos en la misma proporci\u00f3n al precio de venta, <strong>la Cooperativa ha experimentado un a\u00f1o altamente positivo ya que el ejercicio anual arrojo un super\u00e1vit de $1.308.711,49.<\/strong> Analizando las causales que arrojan \u00e9ste resultado en forma comparativa con el ejercicio anterior la evoluci\u00f3n de la facturaci\u00f3n y costos incurridos en la prestaci\u00f3n del servicio, resaltamos lo siguiente: <strong>La facturaci\u00f3n se increment\u00f3 en un 42,6% mientras que los costos de distribuci\u00f3n totales, sumados a los restantes gastos de estructura sufrieron un aumento de 18%.<\/strong> Este leve aumento de los costos se debe principalmente a la disminuci\u00f3n de los costos laborales dado que gran parte del a\u00f1o se abonaron menos sueldos y cargas sociales por la desafectaci\u00f3n de un empleado, tal como se inform\u00f3 en la Asamblea General Ordinaria correspondiente al ejercicio anterior. A su vez, <strong>se puso mucho \u00e9nfasis en una dr\u00e1stica reducci\u00f3n de gastos y optimizar los recursos con que ya cuenta la Cooperativa<\/strong>.<\/p>\n<p>Debemos resaltar, la recepci\u00f3n de un <strong>subsidio por parte de la Secretaria de Estado de Energ\u00eda de la Provincia, perteneciente al FER (Fondo de Electrificaci\u00f3n Rural),<\/strong> que fue gestionado en forma conjunta con las distintas Cooperativas el\u00e9ctricas de la Provincia, nucleadas en FESCOE (Federaci\u00f3n Santafesina de Cooperativas El\u00e9ctricas). Luego de realizada la correspondiente presentaci\u00f3n de documentaci\u00f3n requerida y de haber participado en numerosas reuniones de trabajo, ya casi finalizando el a\u00f1o 2017, se logr\u00f3 concretar la recepci\u00f3n del citado subsidio que fue de $1.000.000.- y que ingres\u00f3 a la cuenta bancaria que la Cooperativa posee en Banco Credicoop. Debemos resaltar tambi\u00e9n que se realizaron y <strong>se siguen realizando controles sobre los KW consumidos por los usuarios<\/strong>, lo que se tradujo en un aumento significativo de los ingresos con el mismo costo incurrido. Por todo esto, el Resultado Neto Anual fue altamente positivo lo que nos lleva a informar orgullosamente que la situaci\u00f3n financiera de la Cooperativa es s\u00f3lida.<\/p>\n<p>En cuanto a la cantidad de asociados con que cuenta <strong>la Cooperativa a la fecha de cierre del ejercicio ten\u00eda 160 asociados <\/strong>frente a 157 que hab\u00eda al 31\/12\/2016.<\/p>\n<p>En el mes de mayo, y luego de realizada la Asamblea General Ordinaria, <strong>se resolvi\u00f3 realizar el cambio del Auditor Externo<\/strong>, siendo designado el Cdor. Agust\u00edn Martinenghi, en reemplazo del Cdor.Pablo Monz\u00f3n.<\/p>\n<p><img loading=\"lazy\" class=\"aligncenter size-full wp-image-318\" src=\"http:\/\/www.revistarescatados.com.ar\/web\/wp-content\/uploads\/2018\/04\/Nuevo-m\u00f3vil-de-la-Cooperativa-de-Electrificacion-rural.jpg\" alt=\"\" width=\"1383\" height=\"922\" srcset=\"https:\/\/www.revistarescatados.com.ar\/web\/wp-content\/uploads\/2018\/04\/Nuevo-m\u00f3vil-de-la-Cooperativa-de-Electrificacion-rural.jpg 1383w, https:\/\/www.revistarescatados.com.ar\/web\/wp-content\/uploads\/2018\/04\/Nuevo-m\u00f3vil-de-la-Cooperativa-de-Electrificacion-rural-300x200.jpg 300w, https:\/\/www.revistarescatados.com.ar\/web\/wp-content\/uploads\/2018\/04\/Nuevo-m\u00f3vil-de-la-Cooperativa-de-Electrificacion-rural-768x512.jpg 768w, https:\/\/www.revistarescatados.com.ar\/web\/wp-content\/uploads\/2018\/04\/Nuevo-m\u00f3vil-de-la-Cooperativa-de-Electrificacion-rural-1024x683.jpg 1024w\" sizes=\"(max-width: 1383px) 100vw, 1383px\" \/><\/p>\n<p>A los efectos de llevar un <strong>control m\u00e1s efectivo del movimiento de los tres m\u00f3viles de la Coop<\/strong>., <strong>se decidi\u00f3 instalar un rastreador satelital en cada uno de ellos<\/strong>. Estos dispositivos permiten realizar en tiempo real, el seguimiento de cada m\u00f3vil, donde se encuentra localizado, recorrido efectuado, velocidad desarrollada, consumo de combustible, y una serie m\u00e1s de datos, que servir\u00e1n para complementar la informaci\u00f3n que aporten los operarios.<\/p>\n<p>Durante este ejercicio finalizado el 31\/12\/2017, se han celebrado las correspondientes reuniones del Consejo de Administraci\u00f3n, en las cuales participaron la mayor\u00eda de los miembros, incluidos los S\u00edndicos seg\u00fan lo indica el Libro de Asistencia. En dichas reuniones se trataron diferentes temas, toma de decisiones, nuevos proyectos, en fin todo lo referente a lograr el \u00f3ptimo funcionamiento de la Cooperativa. Tambi\u00e9n se incorporaron en la primera parte de las reuniones, la presencia de los operarios, que mensualmente comunican al consejo las actividades desarrolladas, tareas realizadas de mantenimiento y las urgencias por reclamos, realizando en forma conjunta un planeamiento de las acciones a desarrollar como as\u00ed tambi\u00e9n tratar y resolver los problemas encontrados. Tambi\u00e9n, y cuando as\u00ed lo requer\u00eda el Consejo, particip\u00f3 de las reuniones el Auditor Externo. En varias ocasiones tambi\u00e9n fueron invitados asesores t\u00e9cnicos que aportaron sus conocimientos y experiencia.<\/p>\n<p>Durante este periodo, <strong>se realiz\u00f3 un relevamiento de toda la red de electrificaci\u00f3n\u00a0 rural, estudio que estuvo a cargo del T\u00e9cnico Carlos Driussi<\/strong>\u00a0 acompa\u00f1ada por uno o dos consejeros, donde se determin\u00f3 el estado real de la Red, se fij\u00f3 las prioridades de los trabajos a encarar y los materiales necesarios para realizarlos, tendiendo a fortalecer la l\u00ednea y lograr un m\u00e1s eficiente servicio y al mismo tiempo, disminuir las tareas de mantenimiento y roturas. Tambi\u00e9n se constataron varias anomal\u00edas en las cajas de medidores, comenzando por \u00e9stas circunstancias a realizar el cambio de los mismos, actividad que aun continua. Para complementar \u00e9sta tarea, se procedi\u00f3 a la compra de postes de eucaliptus y de hormig\u00f3n armado y diversos materiales, contando en la actualidad con un importante stock de mercader\u00eda.<\/p>\n<p>Tambi\u00e9n, y cumpliendo con personas que cumplieron una importante labor en el desarrollo de \u00e9sta Cooperativa, <strong>se realiz\u00f3 un sentido homenaje al socio Ruben Azua, a los familiares del socio Alcides Pigh\u00ecn y al t\u00e9cnico Te\u00f3filo Vicentin,<\/strong> recibiendo plaqueta y pergamino recordatorio firmado por los presentes, en reconocimiento por su larga trayectoria impulsando el progreso y crecimiento de la entidad. Finalizado este acto, se sirvi\u00f3 un\u00a0 lunch, acompa\u00f1ados de numerosos familiares, socios y amigos.<\/p>\n<p>Por \u00e9ste medio, el Consejo de Administraci\u00f3n agradece a los se\u00f1ores asociados la confianza depositada en nosotros, comprometi\u00e9ndonos a seguir trabajando por un mejor y m\u00e1s econ\u00f3mico servicio, puesto al servicio de la comunidad.<\/p>\n<p>Por \u00faltimo, queremos agradecer especialmente a nuestro personal, que supo adaptarse y hacer m\u00e1s eficiente su trabajo, a Instituciones, Autoridades locales y a toda la comunidad en general.<\/p>\n<p>En t\u00e9rminos generales y mediante esta apretada s\u00edntesis hemos tratado de resumir los acontecimientos de mayor relevancia desarrollados durante el ejercicio finalizado el 31 de diciembre de 2017.<\/p>\n<p><strong><em>Consejo de Administraci\u00f3n.<\/em><\/strong><\/p>\n","protected":false},"excerpt":{"rendered":"<p>As\u00ed se comunic\u00f3 a los asociados en la asamblea realizado el jueves 26 de abril, donde se dio a conocer la memoria, estados contables, informe del s\u00edndico y del auditor externo correspondientes&#46;&#46;&#46;<\/p>\n","protected":false},"author":1,"featured_media":317,"comment_status":"closed","ping_status":"open","sticky":false,"template":"","format":"standard","meta":[],"categories":[2,3,16,10],"tags":[],"_links":{"self":[{"href":"https:\/\/www.revistarescatados.com.ar\/web\/wp-json\/wp\/v2\/posts\/316"}],"collection":[{"href":"https:\/\/www.revistarescatados.com.ar\/web\/wp-json\/wp\/v2\/posts"}],"about":[{"href":"https:\/\/www.revistarescatados.com.ar\/web\/wp-json\/wp\/v2\/types\/post"}],"author":[{"embeddable":true,"href":"https:\/\/www.revistarescatados.com.ar\/web\/wp-json\/wp\/v2\/users\/1"}],"replies":[{"embeddable":true,"href":"https:\/\/www.revistarescatados.com.ar\/web\/wp-json\/wp\/v2\/comments?post=316"}],"version-history":[{"count":1,"href":"https:\/\/www.revistarescatados.com.ar\/web\/wp-json\/wp\/v2\/posts\/316\/revisions"}],"predecessor-version":[{"id":319,"href":"https:\/\/www.revistarescatados.com.ar\/web\/wp-json\/wp\/v2\/posts\/316\/revisions\/319"}],"wp:featuredmedia":[{"embeddable":true,"href":"https:\/\/www.revistarescatados.com.ar\/web\/wp-json\/wp\/v2\/media\/317"}],"wp:attachment":[{"href":"https:\/\/www.revistarescatados.com.ar\/web\/wp-json\/wp\/v2\/media?parent=316"}],"wp:term":[{"taxonomy":"category","embeddable":true,"href":"https:\/\/www.revistarescatados.com.ar\/web\/wp-json\/wp\/v2\/categories?post=316"},{"taxonomy":"post_tag","embeddable":true,"href":"https:\/\/www.revistarescatados.com.ar\/web\/wp-json\/wp\/v2\/tags?post=316"}],"curies":[{"name":"wp","href":"https:\/\/api.w.org\/{rel}","templated":true}]}}