{"id":3203,"date":"2018-12-17T21:03:22","date_gmt":"2018-12-18T00:03:22","guid":{"rendered":"http:\/\/www.revistarescatados.com.ar\/web\/?p=3203"},"modified":"2018-12-17T21:03:22","modified_gmt":"2018-12-18T00:03:22","slug":"aportes-provinciales-para-un-tratamiento-regional-de-residuos-domiciliarios","status":"publish","type":"post","link":"https:\/\/www.revistarescatados.com.ar\/web\/2018\/12\/17\/aportes-provinciales-para-un-tratamiento-regional-de-residuos-domiciliarios\/","title":{"rendered":"Aportes provinciales para un tratamiento regional de residuos domiciliarios"},"content":{"rendered":"<p><img loading=\"lazy\" class=\"aligncenter size-full wp-image-3204\" src=\"http:\/\/www.revistarescatados.com.ar\/web\/wp-content\/uploads\/2018\/12\/Los-Quebrachales.jpg\" alt=\"\" width=\"1140\" height=\"641\" srcset=\"https:\/\/www.revistarescatados.com.ar\/web\/wp-content\/uploads\/2018\/12\/Los-Quebrachales.jpg 1140w, https:\/\/www.revistarescatados.com.ar\/web\/wp-content\/uploads\/2018\/12\/Los-Quebrachales-300x169.jpg 300w, https:\/\/www.revistarescatados.com.ar\/web\/wp-content\/uploads\/2018\/12\/Los-Quebrachales-768x432.jpg 768w, https:\/\/www.revistarescatados.com.ar\/web\/wp-content\/uploads\/2018\/12\/Los-Quebrachales-1024x576.jpg 1024w\" sizes=\"(max-width: 1140px) 100vw, 1140px\" \/><\/p>\n<p><span style=\"color: #0000ff;\"><strong>El Consorcio Los Quebrachales &#8211; integrado por 6 localidades de los departamentos Vera y Gral. Obligado &#8211; recibi\u00f3 m\u00e1s de un mill\u00f3n de pesos.<\/strong><\/span><\/p>\n<p>Posteriormente, en la municipalidad de Vera, Speranza y el secretario de Coordinaci\u00f3n de la provincia, Sergio Rojas, entregaron un aporte de $ 1.050.000 del Programa de Producci\u00f3n M\u00e1s Limpia al Consorcio Girsu \u201cLos Quebrachales&#8221;.<\/p>\n<p>Los fondos fueron recibidos por el intendente Reynaldo Fabroni y ser\u00e1n destinados a la Unidad Local del Programa de Producci\u00f3n M\u00e1s Limpia para su fortalecimiento institucional, para consultor\u00eda y auditorias de empresas, y para la constituci\u00f3n del fondo fiduciario para pr\u00e9stamos a empresas, en el marco de las acciones del Consorcio integrado por las localidades de Berna, Calchaqu\u00ed, La Gallareta, Margarita, Vera (departamento Vera) y Malabrigo (departamento General Obligado).<\/p>\n<p>De las actividades participaron tambi\u00e9n, el senador departamental Osvaldo Sosa, el intendente de Calchaqu\u00ed Rub\u00e9n Cuello; el subsecretario de Gesti\u00f3n Ambiental, Edgardo Seguro; los directores provinciales de Recursos Naturales, Daniel Paiz, y la de la Delegaci\u00f3n zona norte, Rossana Crudeli; y el gerente del Consorcio \u201cLos Quebrachales\u201d, Facundo Ferrari.<\/p>\n","protected":false},"excerpt":{"rendered":"<p>El Consorcio Los Quebrachales &#8211; integrado por 6 localidades de los departamentos Vera y Gral. Obligado &#8211; recibi\u00f3 m\u00e1s de un mill\u00f3n de pesos. Posteriormente, en la municipalidad de Vera, Speranza y&#46;&#46;&#46;<\/p>\n","protected":false},"author":1,"featured_media":3204,"comment_status":"closed","ping_status":"open","sticky":false,"template":"","format":"standard","meta":[],"categories":[2,3,16,14],"tags":[],"_links":{"self":[{"href":"https:\/\/www.revistarescatados.com.ar\/web\/wp-json\/wp\/v2\/posts\/3203"}],"collection":[{"href":"https:\/\/www.revistarescatados.com.ar\/web\/wp-json\/wp\/v2\/posts"}],"about":[{"href":"https:\/\/www.revistarescatados.com.ar\/web\/wp-json\/wp\/v2\/types\/post"}],"author":[{"embeddable":true,"href":"https:\/\/www.revistarescatados.com.ar\/web\/wp-json\/wp\/v2\/users\/1"}],"replies":[{"embeddable":true,"href":"https:\/\/www.revistarescatados.com.ar\/web\/wp-json\/wp\/v2\/comments?post=3203"}],"version-history":[{"count":1,"href":"https:\/\/www.revistarescatados.com.ar\/web\/wp-json\/wp\/v2\/posts\/3203\/revisions"}],"predecessor-version":[{"id":3205,"href":"https:\/\/www.revistarescatados.com.ar\/web\/wp-json\/wp\/v2\/posts\/3203\/revisions\/3205"}],"wp:featuredmedia":[{"embeddable":true,"href":"https:\/\/www.revistarescatados.com.ar\/web\/wp-json\/wp\/v2\/media\/3204"}],"wp:attachment":[{"href":"https:\/\/www.revistarescatados.com.ar\/web\/wp-json\/wp\/v2\/media?parent=3203"}],"wp:term":[{"taxonomy":"category","embeddable":true,"href":"https:\/\/www.revistarescatados.com.ar\/web\/wp-json\/wp\/v2\/categories?post=3203"},{"taxonomy":"post_tag","embeddable":true,"href":"https:\/\/www.revistarescatados.com.ar\/web\/wp-json\/wp\/v2\/tags?post=3203"}],"curies":[{"name":"wp","href":"https:\/\/api.w.org\/{rel}","templated":true}]}}