{"id":3326,"date":"2018-12-28T19:49:24","date_gmt":"2018-12-28T22:49:24","guid":{"rendered":"http:\/\/www.revistarescatados.com.ar\/web\/?p=3326"},"modified":"2018-12-28T19:49:24","modified_gmt":"2018-12-28T22:49:24","slug":"en-2018-hubo-84-beneficiarios-en-los-programas-de-la-oficina-de-empleo-de-calchaqui","status":"publish","type":"post","link":"https:\/\/www.revistarescatados.com.ar\/web\/2018\/12\/28\/en-2018-hubo-84-beneficiarios-en-los-programas-de-la-oficina-de-empleo-de-calchaqui\/","title":{"rendered":"En 2018, hubo 84 beneficiarios en los programas de la Oficina de Empleo de Calchaqu\u00ed"},"content":{"rendered":"<p><img loading=\"lazy\" class=\"aligncenter size-full wp-image-3327\" src=\"http:\/\/www.revistarescatados.com.ar\/web\/wp-content\/uploads\/2018\/12\/Vivero-inclusivo.jpg\" alt=\"\" width=\"960\" height=\"639\" srcset=\"https:\/\/www.revistarescatados.com.ar\/web\/wp-content\/uploads\/2018\/12\/Vivero-inclusivo.jpg 960w, https:\/\/www.revistarescatados.com.ar\/web\/wp-content\/uploads\/2018\/12\/Vivero-inclusivo-300x200.jpg 300w, https:\/\/www.revistarescatados.com.ar\/web\/wp-content\/uploads\/2018\/12\/Vivero-inclusivo-768x511.jpg 768w\" sizes=\"(max-width: 960px) 100vw, 960px\" \/><\/p>\n<p><span style=\"color: #0000ff;\"><strong>As\u00ed lo inform\u00f3 la repartici\u00f3n municipal que funciona en el Centro Cultural. Se trabajaron con 41 empresas locales, promoviendo 53 proyectos y quedaron registrados 4 nuevos trabajadores.<\/strong><\/span><\/p>\n<p>Durante este 2018, la Oficina de Empleo Municipal \u2013 que depende de la Secretar\u00eda Institucional que dirige Adri\u00e1n Spreggero \u2013 brind\u00f3 2 cursos de Introducci\u00f3n al Trabajo, 2 Talleres de Empleabilidad y 1Taller de Orientaci\u00f3n al Trabajo Independiente. De esta manera se logr\u00f3 que m\u00e1s de 70 personas resulten capacitadas en la ciudad.<\/p>\n<p>Se destac\u00f3 el proyecto de vivero inclusivo con 11 j\u00f3venes y adultos con capacidades diferentes del programa &#8220;Promover igualdad de oportunidades de Empleo&#8221;. Los participantes del programa despidieron el a\u00f1o. Durante las pr\u00f3ximas semanas, continuar\u00e1n con la entrega de los plantines producidos a las instituciones locales, como muestra de todo lo aprendido y para aportar al embellecimiento de nuestra ciudad.<\/p>\n<p>\u201cGRACIAS a quienes confiaron en esta propuesta del Gobierno Ciudad de Calchaqu\u00ed. Que el 2019 nos encuentre con m\u00e1s oportunidades para nuestros j\u00f3venes\u201d, se\u00f1al\u00f3 la coordinadora Marcia Pigh\u00edn.<\/p>\n","protected":false},"excerpt":{"rendered":"<p>As\u00ed lo inform\u00f3 la repartici\u00f3n municipal que funciona en el Centro Cultural. Se trabajaron con 41 empresas locales, promoviendo 53 proyectos y quedaron registrados 4 nuevos trabajadores. Durante este 2018, la Oficina&#46;&#46;&#46;<\/p>\n","protected":false},"author":1,"featured_media":3327,"comment_status":"closed","ping_status":"open","sticky":false,"template":"","format":"standard","meta":[],"categories":[2,3,16,10],"tags":[],"_links":{"self":[{"href":"https:\/\/www.revistarescatados.com.ar\/web\/wp-json\/wp\/v2\/posts\/3326"}],"collection":[{"href":"https:\/\/www.revistarescatados.com.ar\/web\/wp-json\/wp\/v2\/posts"}],"about":[{"href":"https:\/\/www.revistarescatados.com.ar\/web\/wp-json\/wp\/v2\/types\/post"}],"author":[{"embeddable":true,"href":"https:\/\/www.revistarescatados.com.ar\/web\/wp-json\/wp\/v2\/users\/1"}],"replies":[{"embeddable":true,"href":"https:\/\/www.revistarescatados.com.ar\/web\/wp-json\/wp\/v2\/comments?post=3326"}],"version-history":[{"count":1,"href":"https:\/\/www.revistarescatados.com.ar\/web\/wp-json\/wp\/v2\/posts\/3326\/revisions"}],"predecessor-version":[{"id":3328,"href":"https:\/\/www.revistarescatados.com.ar\/web\/wp-json\/wp\/v2\/posts\/3326\/revisions\/3328"}],"wp:featuredmedia":[{"embeddable":true,"href":"https:\/\/www.revistarescatados.com.ar\/web\/wp-json\/wp\/v2\/media\/3327"}],"wp:attachment":[{"href":"https:\/\/www.revistarescatados.com.ar\/web\/wp-json\/wp\/v2\/media?parent=3326"}],"wp:term":[{"taxonomy":"category","embeddable":true,"href":"https:\/\/www.revistarescatados.com.ar\/web\/wp-json\/wp\/v2\/categories?post=3326"},{"taxonomy":"post_tag","embeddable":true,"href":"https:\/\/www.revistarescatados.com.ar\/web\/wp-json\/wp\/v2\/tags?post=3326"}],"curies":[{"name":"wp","href":"https:\/\/api.w.org\/{rel}","templated":true}]}}