{"id":343,"date":"2018-05-02T01:37:47","date_gmt":"2018-05-02T04:37:47","guid":{"rendered":"http:\/\/www.revistarescatados.com.ar\/web\/?p=343"},"modified":"2018-05-02T01:57:57","modified_gmt":"2018-05-02T04:57:57","slug":"ultimo-adios-al-entranable-fredy-torres","status":"publish","type":"post","link":"https:\/\/www.revistarescatados.com.ar\/web\/2018\/05\/02\/ultimo-adios-al-entranable-fredy-torres\/","title":{"rendered":"\u00daltimo adi\u00f3s al entra\u00f1able \u201cFredy\u201d Torres"},"content":{"rendered":"<p>&nbsp;<\/p>\n<p><img loading=\"lazy\" class=\"aligncenter size-full wp-image-347\" src=\"http:\/\/www.revistarescatados.com.ar\/web\/wp-content\/uploads\/2018\/05\/Fredy-Torres.png\" alt=\"\" width=\"631\" height=\"454\" srcset=\"https:\/\/www.revistarescatados.com.ar\/web\/wp-content\/uploads\/2018\/05\/Fredy-Torres.png 631w, https:\/\/www.revistarescatados.com.ar\/web\/wp-content\/uploads\/2018\/05\/Fredy-Torres-300x216.png 300w\" sizes=\"(max-width: 631px) 100vw, 631px\" \/><\/p>\n<p><span style=\"color: #0000ff;\"><strong>A los 42 a\u00f1os, dej\u00f3 de existir este 1\u00ba de mayo, Ram\u00f3n Alfredo Torres, m\u00e1s conocido como \u201cFredy\u201d. Un querido \u201cni\u00f1o grande\u201d y personaje urbano que sin dudas permanecer\u00e1 en la memoria de Calchaqu\u00ed. Las condolencias a la familia se multiplicaron en las redes sociales.<\/strong><\/span><\/p>\n<p>La empresa de Servicios Sociales Santa Rita inform\u00f3 el fallecimiento del Sr Ram\u00f3n Alfredo Torres \u201cFREDY\u201d, a los 42 a\u00f1os. El sepelio tendr\u00e1 lugar este mi\u00e9rcoles 2 de mayo a las 16 horas en el Cementerio Municipal.<\/p>\n<p>Durante a\u00f1os, \u201cFredy\u201d se convirti\u00f3 en uno de esos entra\u00f1ables personajes urbanos en las calles de la ciudad. Era un \u201camigo de todos\u201d. Siempre simp\u00e1tico y bonach\u00f3n. Part\u00edcipe necesario de cualquier evento, ya sea p\u00fablico o una fiesta privada. Era querido por todos los vecinos. Su afici\u00f3n era el baile, partenere de cualquier dama que lo invitara. As\u00ed lo retrata una fotograf\u00eda de Selene Ramseyer.<\/p>\n<p><img loading=\"lazy\" class=\"aligncenter size-full wp-image-345\" src=\"http:\/\/www.revistarescatados.com.ar\/web\/wp-content\/uploads\/2018\/05\/Fredy-Torres.jpg\" alt=\"\" width=\"960\" height=\"643\" srcset=\"https:\/\/www.revistarescatados.com.ar\/web\/wp-content\/uploads\/2018\/05\/Fredy-Torres.jpg 960w, https:\/\/www.revistarescatados.com.ar\/web\/wp-content\/uploads\/2018\/05\/Fredy-Torres-300x201.jpg 300w, https:\/\/www.revistarescatados.com.ar\/web\/wp-content\/uploads\/2018\/05\/Fredy-Torres-768x514.jpg 768w\" sizes=\"(max-width: 960px) 100vw, 960px\" \/><\/p>\n<p>Desde hace dos a\u00f1os luchaba contra una enfermedad gen\u00e9tica. Tras una cirug\u00eda, le extirparon un tumor maligno, para luego someterse a un proceso de quimioterapia en el Hospital J. B. Iturraspe de la ciudad de Santa Fe.<\/p>\n<p>Las cadenas de oraci\u00f3n, pidiendo por una mejor\u00eda en su salud, fueron una constante como tambi\u00e9n las muestras de cari\u00f1o ante este duro trance.<\/p>\n<p><img loading=\"lazy\" class=\"aligncenter size-full wp-image-344\" src=\"http:\/\/www.revistarescatados.com.ar\/web\/wp-content\/uploads\/2018\/05\/Fredy-Torres-1.jpg\" alt=\"\" width=\"960\" height=\"666\" srcset=\"https:\/\/www.revistarescatados.com.ar\/web\/wp-content\/uploads\/2018\/05\/Fredy-Torres-1.jpg 960w, https:\/\/www.revistarescatados.com.ar\/web\/wp-content\/uploads\/2018\/05\/Fredy-Torres-1-300x208.jpg 300w, https:\/\/www.revistarescatados.com.ar\/web\/wp-content\/uploads\/2018\/05\/Fredy-Torres-1-768x533.jpg 768w\" sizes=\"(max-width: 960px) 100vw, 960px\" \/><\/p>\n<p>Luch\u00f3, luch\u00f3, pero al final no pudo m\u00e1s. Falleci\u00f3 este 1\u00ba de mayo, a los 42 a\u00f1os. Numerosos usuarios de las redes sociales hicieron llegar a la familia sus condolencias y pidieron por el eterno descanso del entra\u00f1able \u201cFredy\u201d, que no solo se gan\u00f3 un lugar en el coraz\u00f3n de los vecinos sino que desde ahora ocupa un lugar de privilegio en el recuerdo de toda una comunidad.<\/p>\n<p><strong><em>Fotos: Dante Spies \/ Jes\u00fas Nievas \/ Selene Ramseyer<\/em><\/strong><\/p>\n","protected":false},"excerpt":{"rendered":"<p>&nbsp; A los 42 a\u00f1os, dej\u00f3 de existir este 1\u00ba de mayo, Ram\u00f3n Alfredo Torres, m\u00e1s conocido como \u201cFredy\u201d. Un querido \u201cni\u00f1o grande\u201d y personaje urbano que sin dudas permanecer\u00e1 en la&#46;&#46;&#46;<\/p>\n","protected":false},"author":1,"featured_media":347,"comment_status":"closed","ping_status":"open","sticky":false,"template":"","format":"standard","meta":[],"categories":[2,7,3,8],"tags":[],"_links":{"self":[{"href":"https:\/\/www.revistarescatados.com.ar\/web\/wp-json\/wp\/v2\/posts\/343"}],"collection":[{"href":"https:\/\/www.revistarescatados.com.ar\/web\/wp-json\/wp\/v2\/posts"}],"about":[{"href":"https:\/\/www.revistarescatados.com.ar\/web\/wp-json\/wp\/v2\/types\/post"}],"author":[{"embeddable":true,"href":"https:\/\/www.revistarescatados.com.ar\/web\/wp-json\/wp\/v2\/users\/1"}],"replies":[{"embeddable":true,"href":"https:\/\/www.revistarescatados.com.ar\/web\/wp-json\/wp\/v2\/comments?post=343"}],"version-history":[{"count":4,"href":"https:\/\/www.revistarescatados.com.ar\/web\/wp-json\/wp\/v2\/posts\/343\/revisions"}],"predecessor-version":[{"id":351,"href":"https:\/\/www.revistarescatados.com.ar\/web\/wp-json\/wp\/v2\/posts\/343\/revisions\/351"}],"wp:featuredmedia":[{"embeddable":true,"href":"https:\/\/www.revistarescatados.com.ar\/web\/wp-json\/wp\/v2\/media\/347"}],"wp:attachment":[{"href":"https:\/\/www.revistarescatados.com.ar\/web\/wp-json\/wp\/v2\/media?parent=343"}],"wp:term":[{"taxonomy":"category","embeddable":true,"href":"https:\/\/www.revistarescatados.com.ar\/web\/wp-json\/wp\/v2\/categories?post=343"},{"taxonomy":"post_tag","embeddable":true,"href":"https:\/\/www.revistarescatados.com.ar\/web\/wp-json\/wp\/v2\/tags?post=343"}],"curies":[{"name":"wp","href":"https:\/\/api.w.org\/{rel}","templated":true}]}}