{"id":3481,"date":"2019-01-11T23:55:45","date_gmt":"2019-01-12T02:55:45","guid":{"rendered":"http:\/\/www.revistarescatados.com.ar\/web\/?p=3481"},"modified":"2019-01-11T23:55:45","modified_gmt":"2019-01-12T02:55:45","slug":"municipales-reclaman-convocatoria-a-paritaria","status":"publish","type":"post","link":"https:\/\/www.revistarescatados.com.ar\/web\/2019\/01\/11\/municipales-reclaman-convocatoria-a-paritaria\/","title":{"rendered":"Municipales reclaman convocatoria a paritaria"},"content":{"rendered":"<p><img loading=\"lazy\" class=\"aligncenter size-full wp-image-3482\" src=\"http:\/\/www.revistarescatados.com.ar\/web\/wp-content\/uploads\/2019\/01\/paritaria-municipal.jpg\" alt=\"\" width=\"890\" height=\"395\" srcset=\"https:\/\/www.revistarescatados.com.ar\/web\/wp-content\/uploads\/2019\/01\/paritaria-municipal.jpg 890w, https:\/\/www.revistarescatados.com.ar\/web\/wp-content\/uploads\/2019\/01\/paritaria-municipal-300x133.jpg 300w, https:\/\/www.revistarescatados.com.ar\/web\/wp-content\/uploads\/2019\/01\/paritaria-municipal-768x341.jpg 768w\" sizes=\"(max-width: 890px) 100vw, 890px\" \/><\/p>\n<p><span style=\"color: #0000ff;\"><strong>La Federaci\u00f3n de Sindicato de Trabajadores Municipales de Santa Fe (Festram) le solicit\u00f3 a la Provincia que convoque en forma urgente a paritarias para el sector, \u201cen un comienzo de a\u00f1o con un mayor nivel de conflictividad\u201d.<\/strong><\/span><\/p>\n<p>Con un pedido de pronta respuesta la Secretar\u00eda de Regiones, Municipios y Comunas, dependiente del Ministerio de Gobierno de la provincia, la entidad gremial reclam\u00f3 que se \u201cproceda a dar cumplimiento a lo establecido en el art\u00edculo 133 bis, anexo II de la Ley 9.286 y de la 9996; es decir la convocatoria a paritarias para el sector municipal\u201d.<\/p>\n<p>La Festram se\u00f1al\u00f3 en dicha nota que a la mayor brevedad se efectivice la reuni\u00f3n de intendentes y presidentes comunales para la elecci\u00f3n de representantes paritarios que conformar\u00e1n la comisi\u00f3n seg\u00fan lo establece la legislaci\u00f3n.<\/p>\n<p>As\u00ed mismo la Federaci\u00f3n recuerda que \u201c\u2026por ser este el \u00fanico \u00e1mbito institucional de di\u00e1logo entre los municipios y comunas con los representantes de los trabajadores, exige de la responsabilidad social que compete tanto al Estado provincial, municipal, comunal y a Festram la urgencia de debatir el impacto del Pacto Fiscal y el Presupuesto 2019 del Gobierno nacional en nuestra provincia en general y en los Estados locales santafesinos en particular\u201d.<\/p>\n<p>Desde este marco, su secretario general Claudio Leoni expres\u00f3: \u201cEstamos atravesando un comienzo de a\u00f1o con un mayor nivel de conflictividad fruto de las pol\u00edticas implementadas por el gobierno de Mauricio Macri; en donde los tarifazos y los aumentos de los productos de la canasta familiar impactan ya decididamente en la econom\u00eda de la familia argentina en general y de los trabajadores y trabajadoras municipales en particular. Convocar a paritarias no es un mero tr\u00e1mite en este contexto, es una decisi\u00f3n pol\u00edtica que tiene claras responsabilidades para todos los involucrados. En nuestro caso, defender el salario y los derechos de los municipales y comunales de toda la provincia de Santa Fe\u201d.<\/p>\n<p>Por otra parte el dirigente gremial elogi\u00f3 la posici\u00f3n del gobierno provincial de impulsar las negociaciones salariales sobre la base de la cl\u00e1usula gatillo y anhela la pronta reuni\u00f3n con intendentes y presidentes comunales para resolver la pol\u00edtica salarial y trabajar en conjunto con el fin de evitar las graves consecuencias de la crisis en el funcionamiento de municipios y comunas.<\/p>\n","protected":false},"excerpt":{"rendered":"<p>La Federaci\u00f3n de Sindicato de Trabajadores Municipales de Santa Fe (Festram) le solicit\u00f3 a la Provincia que convoque en forma urgente a paritarias para el sector, \u201cen un comienzo de a\u00f1o con&#46;&#46;&#46;<\/p>\n","protected":false},"author":1,"featured_media":3482,"comment_status":"closed","ping_status":"open","sticky":false,"template":"","format":"standard","meta":[],"categories":[10,12,8],"tags":[],"_links":{"self":[{"href":"https:\/\/www.revistarescatados.com.ar\/web\/wp-json\/wp\/v2\/posts\/3481"}],"collection":[{"href":"https:\/\/www.revistarescatados.com.ar\/web\/wp-json\/wp\/v2\/posts"}],"about":[{"href":"https:\/\/www.revistarescatados.com.ar\/web\/wp-json\/wp\/v2\/types\/post"}],"author":[{"embeddable":true,"href":"https:\/\/www.revistarescatados.com.ar\/web\/wp-json\/wp\/v2\/users\/1"}],"replies":[{"embeddable":true,"href":"https:\/\/www.revistarescatados.com.ar\/web\/wp-json\/wp\/v2\/comments?post=3481"}],"version-history":[{"count":1,"href":"https:\/\/www.revistarescatados.com.ar\/web\/wp-json\/wp\/v2\/posts\/3481\/revisions"}],"predecessor-version":[{"id":3483,"href":"https:\/\/www.revistarescatados.com.ar\/web\/wp-json\/wp\/v2\/posts\/3481\/revisions\/3483"}],"wp:featuredmedia":[{"embeddable":true,"href":"https:\/\/www.revistarescatados.com.ar\/web\/wp-json\/wp\/v2\/media\/3482"}],"wp:attachment":[{"href":"https:\/\/www.revistarescatados.com.ar\/web\/wp-json\/wp\/v2\/media?parent=3481"}],"wp:term":[{"taxonomy":"category","embeddable":true,"href":"https:\/\/www.revistarescatados.com.ar\/web\/wp-json\/wp\/v2\/categories?post=3481"},{"taxonomy":"post_tag","embeddable":true,"href":"https:\/\/www.revistarescatados.com.ar\/web\/wp-json\/wp\/v2\/tags?post=3481"}],"curies":[{"name":"wp","href":"https:\/\/api.w.org\/{rel}","templated":true}]}}