{"id":3537,"date":"2019-01-17T14:15:47","date_gmt":"2019-01-17T17:15:47","guid":{"rendered":"http:\/\/www.revistarescatados.com.ar\/web\/?p=3537"},"modified":"2019-01-17T14:15:47","modified_gmt":"2019-01-17T17:15:47","slug":"bajo-el-numero-de-personas-evacuadas-en-el-norte-provincial","status":"publish","type":"post","link":"https:\/\/www.revistarescatados.com.ar\/web\/2019\/01\/17\/bajo-el-numero-de-personas-evacuadas-en-el-norte-provincial\/","title":{"rendered":"Baj\u00f3 el n\u00famero de personas evacuadas en el norte provincial"},"content":{"rendered":"<p><img loading=\"lazy\" class=\"aligncenter size-full wp-image-3538\" src=\"http:\/\/www.revistarescatados.com.ar\/web\/wp-content\/uploads\/2019\/01\/Emergencia-5.jpg\" alt=\"\" width=\"1920\" height=\"1080\" srcset=\"https:\/\/www.revistarescatados.com.ar\/web\/wp-content\/uploads\/2019\/01\/Emergencia-5.jpg 1920w, https:\/\/www.revistarescatados.com.ar\/web\/wp-content\/uploads\/2019\/01\/Emergencia-5-300x169.jpg 300w, https:\/\/www.revistarescatados.com.ar\/web\/wp-content\/uploads\/2019\/01\/Emergencia-5-768x432.jpg 768w, https:\/\/www.revistarescatados.com.ar\/web\/wp-content\/uploads\/2019\/01\/Emergencia-5-1024x576.jpg 1024w\" sizes=\"(max-width: 1920px) 100vw, 1920px\" \/><\/p>\n<p><span style=\"color: #0000ff;\"><strong>La secretar\u00eda de Protecci\u00f3n Civil de la provincia inform\u00f3 que 217 personas siguen evacuadas en los departamentos 9 de Julio y General Obligado.<\/strong><\/span><\/p>\n<p>Desde la secretar\u00eda de Protecci\u00f3n Civil de la provincia de Santa Fe brindaron detalles sobre la cantidad de personas evacuadas que se registran en los departamentos 9 de Julio y General Obligado, en el marco de la emergencia h\u00eddrica. En tanto, en el departamento Vera, la situaci\u00f3n tiende a normalizarse.<\/p>\n<p>En ese sentido, se inform\u00f3 que en la ma\u00f1ana de este jueves, 217 personas se encuentran evacuadas: 20 en El Nochero, 12 en San Bernardo, 105 en Villa Minetti y 4 en Santa Margarita, en el departamento 9 de Julio. En tanto, en General Obligado, 22 personas est\u00e1n evacuadas en Florencia, 53 en Reconquista y una en El Rab\u00f3n.<\/p>\n","protected":false},"excerpt":{"rendered":"<p>La secretar\u00eda de Protecci\u00f3n Civil de la provincia inform\u00f3 que 217 personas siguen evacuadas en los departamentos 9 de Julio y General Obligado. Desde la secretar\u00eda de Protecci\u00f3n Civil de la provincia&#46;&#46;&#46;<\/p>\n","protected":false},"author":1,"featured_media":3538,"comment_status":"closed","ping_status":"open","sticky":false,"template":"","format":"standard","meta":[],"categories":[6,14,8],"tags":[],"_links":{"self":[{"href":"https:\/\/www.revistarescatados.com.ar\/web\/wp-json\/wp\/v2\/posts\/3537"}],"collection":[{"href":"https:\/\/www.revistarescatados.com.ar\/web\/wp-json\/wp\/v2\/posts"}],"about":[{"href":"https:\/\/www.revistarescatados.com.ar\/web\/wp-json\/wp\/v2\/types\/post"}],"author":[{"embeddable":true,"href":"https:\/\/www.revistarescatados.com.ar\/web\/wp-json\/wp\/v2\/users\/1"}],"replies":[{"embeddable":true,"href":"https:\/\/www.revistarescatados.com.ar\/web\/wp-json\/wp\/v2\/comments?post=3537"}],"version-history":[{"count":1,"href":"https:\/\/www.revistarescatados.com.ar\/web\/wp-json\/wp\/v2\/posts\/3537\/revisions"}],"predecessor-version":[{"id":3539,"href":"https:\/\/www.revistarescatados.com.ar\/web\/wp-json\/wp\/v2\/posts\/3537\/revisions\/3539"}],"wp:featuredmedia":[{"embeddable":true,"href":"https:\/\/www.revistarescatados.com.ar\/web\/wp-json\/wp\/v2\/media\/3538"}],"wp:attachment":[{"href":"https:\/\/www.revistarescatados.com.ar\/web\/wp-json\/wp\/v2\/media?parent=3537"}],"wp:term":[{"taxonomy":"category","embeddable":true,"href":"https:\/\/www.revistarescatados.com.ar\/web\/wp-json\/wp\/v2\/categories?post=3537"},{"taxonomy":"post_tag","embeddable":true,"href":"https:\/\/www.revistarescatados.com.ar\/web\/wp-json\/wp\/v2\/tags?post=3537"}],"curies":[{"name":"wp","href":"https:\/\/api.w.org\/{rel}","templated":true}]}}