{"id":3599,"date":"2019-01-28T13:15:35","date_gmt":"2019-01-28T16:15:35","guid":{"rendered":"http:\/\/www.revistarescatados.com.ar\/web\/?p=3599"},"modified":"2019-01-28T13:15:35","modified_gmt":"2019-01-28T16:15:35","slug":"estrellas-amarillas-reclaman-por-el-estado-de-la-ruta-nacional-no-11","status":"publish","type":"post","link":"https:\/\/www.revistarescatados.com.ar\/web\/2019\/01\/28\/estrellas-amarillas-reclaman-por-el-estado-de-la-ruta-nacional-no-11\/","title":{"rendered":"Estrellas Amarillas reclaman por el estado de la ruta nacional N\u00ba 11"},"content":{"rendered":"<p><img loading=\"lazy\" class=\"aligncenter size-full wp-image-3600\" src=\"http:\/\/www.revistarescatados.com.ar\/web\/wp-content\/uploads\/2019\/01\/Reclamo-de-Esstrellas-Amarillas.jpg\" alt=\"\" width=\"960\" height=\"539\" srcset=\"https:\/\/www.revistarescatados.com.ar\/web\/wp-content\/uploads\/2019\/01\/Reclamo-de-Esstrellas-Amarillas.jpg 960w, https:\/\/www.revistarescatados.com.ar\/web\/wp-content\/uploads\/2019\/01\/Reclamo-de-Esstrellas-Amarillas-300x168.jpg 300w, https:\/\/www.revistarescatados.com.ar\/web\/wp-content\/uploads\/2019\/01\/Reclamo-de-Esstrellas-Amarillas-768x431.jpg 768w\" sizes=\"(max-width: 960px) 100vw, 960px\" \/><\/p>\n<p><span style=\"color: #0000ff;\"><strong>En la tarde del jueves 24 de enero, los grupos de Recreo, Emilia, Calchaqu\u00ed y San Justo realizaron una actividad con el fin de visibilizar y reclamar el arreglo urgente de esta importante v\u00eda de comunicaci\u00f3n. <\/strong><\/span><\/p>\n<p>La colocaci\u00f3n de carteles, recolecci\u00f3n de adhesiones a un petitorio y otras actividades dieron marco a esta jornada de reclamo pacifico que tiene como \u00fanico objetivo hacer un llamado de atenci\u00f3n a las autoridades responsables de dar soluci\u00f3n a esta problem\u00e1tica.<\/p>\n<p>Los organizadores agradecen a las comunidades, autoridades locales y medios de prensa por el apoyo y la difusi\u00f3n, y un especial reconocimiento a los conductores de veh\u00edculos por sus muestras de afecto.<\/p>\n","protected":false},"excerpt":{"rendered":"<p>En la tarde del jueves 24 de enero, los grupos de Recreo, Emilia, Calchaqu\u00ed y San Justo realizaron una actividad con el fin de visibilizar y reclamar el arreglo urgente de esta&#46;&#46;&#46;<\/p>\n","protected":false},"author":1,"featured_media":3600,"comment_status":"closed","ping_status":"open","sticky":false,"template":"","format":"standard","meta":[],"categories":[2,4,3,16,8],"tags":[],"_links":{"self":[{"href":"https:\/\/www.revistarescatados.com.ar\/web\/wp-json\/wp\/v2\/posts\/3599"}],"collection":[{"href":"https:\/\/www.revistarescatados.com.ar\/web\/wp-json\/wp\/v2\/posts"}],"about":[{"href":"https:\/\/www.revistarescatados.com.ar\/web\/wp-json\/wp\/v2\/types\/post"}],"author":[{"embeddable":true,"href":"https:\/\/www.revistarescatados.com.ar\/web\/wp-json\/wp\/v2\/users\/1"}],"replies":[{"embeddable":true,"href":"https:\/\/www.revistarescatados.com.ar\/web\/wp-json\/wp\/v2\/comments?post=3599"}],"version-history":[{"count":1,"href":"https:\/\/www.revistarescatados.com.ar\/web\/wp-json\/wp\/v2\/posts\/3599\/revisions"}],"predecessor-version":[{"id":3601,"href":"https:\/\/www.revistarescatados.com.ar\/web\/wp-json\/wp\/v2\/posts\/3599\/revisions\/3601"}],"wp:featuredmedia":[{"embeddable":true,"href":"https:\/\/www.revistarescatados.com.ar\/web\/wp-json\/wp\/v2\/media\/3600"}],"wp:attachment":[{"href":"https:\/\/www.revistarescatados.com.ar\/web\/wp-json\/wp\/v2\/media?parent=3599"}],"wp:term":[{"taxonomy":"category","embeddable":true,"href":"https:\/\/www.revistarescatados.com.ar\/web\/wp-json\/wp\/v2\/categories?post=3599"},{"taxonomy":"post_tag","embeddable":true,"href":"https:\/\/www.revistarescatados.com.ar\/web\/wp-json\/wp\/v2\/tags?post=3599"}],"curies":[{"name":"wp","href":"https:\/\/api.w.org\/{rel}","templated":true}]}}