{"id":3694,"date":"2019-02-04T21:20:36","date_gmt":"2019-02-05T00:20:36","guid":{"rendered":"http:\/\/www.revistarescatados.com.ar\/web\/?p=3694"},"modified":"2019-02-04T21:20:36","modified_gmt":"2019-02-05T00:20:36","slug":"finalizo-una-capacitacion-para-personas-con-capacidades-diferentes-en-calchaqui","status":"publish","type":"post","link":"https:\/\/www.revistarescatados.com.ar\/web\/2019\/02\/04\/finalizo-una-capacitacion-para-personas-con-capacidades-diferentes-en-calchaqui\/","title":{"rendered":"Finaliz\u00f3 una capacitaci\u00f3n para personas con capacidades diferentes en Calchaqu\u00ed"},"content":{"rendered":"<p><img loading=\"lazy\" class=\"aligncenter size-full wp-image-3695\" src=\"http:\/\/www.revistarescatados.com.ar\/web\/wp-content\/uploads\/2019\/02\/Promover-Igualdad.jpg\" alt=\"\" width=\"960\" height=\"481\" srcset=\"https:\/\/www.revistarescatados.com.ar\/web\/wp-content\/uploads\/2019\/02\/Promover-Igualdad.jpg 960w, https:\/\/www.revistarescatados.com.ar\/web\/wp-content\/uploads\/2019\/02\/Promover-Igualdad-300x150.jpg 300w, https:\/\/www.revistarescatados.com.ar\/web\/wp-content\/uploads\/2019\/02\/Promover-Igualdad-768x385.jpg 768w\" sizes=\"(max-width: 960px) 100vw, 960px\" \/><\/p>\n<p><span style=\"color: #008000;\"><strong>Se realiz\u00f3 el acto de cierre del programa Promover Igualdad de Oportunidades de Empleo. La iniciativa fue desarrollada por la Oficina de Empleo Municipal y capacit\u00f3 durante seis meses a personas con diferentes tipos de discapacidad para trabajos de vivero.<\/strong><\/span><\/p>\n<p>En la jornada de cierre se les hizo entrega de su certificado reconociendo el esfuerzo por superarse y el compromiso con el que transitaron la experiencia.<\/p>\n<p>Estuvieron presentes el secretario institucional Prof. Adri\u00e1n Spreggero y el senador provincial Osvaldo Sosa, adem\u00e1s del equipo de trabajo de la Oficina de Empleo.<\/p>\n","protected":false},"excerpt":{"rendered":"<p>Se realiz\u00f3 el acto de cierre del programa Promover Igualdad de Oportunidades de Empleo. La iniciativa fue desarrollada por la Oficina de Empleo Municipal y capacit\u00f3 durante seis meses a personas con&#46;&#46;&#46;<\/p>\n","protected":false},"author":1,"featured_media":3695,"comment_status":"closed","ping_status":"open","sticky":false,"template":"","format":"standard","meta":[],"categories":[2,3,16,8],"tags":[],"_links":{"self":[{"href":"https:\/\/www.revistarescatados.com.ar\/web\/wp-json\/wp\/v2\/posts\/3694"}],"collection":[{"href":"https:\/\/www.revistarescatados.com.ar\/web\/wp-json\/wp\/v2\/posts"}],"about":[{"href":"https:\/\/www.revistarescatados.com.ar\/web\/wp-json\/wp\/v2\/types\/post"}],"author":[{"embeddable":true,"href":"https:\/\/www.revistarescatados.com.ar\/web\/wp-json\/wp\/v2\/users\/1"}],"replies":[{"embeddable":true,"href":"https:\/\/www.revistarescatados.com.ar\/web\/wp-json\/wp\/v2\/comments?post=3694"}],"version-history":[{"count":1,"href":"https:\/\/www.revistarescatados.com.ar\/web\/wp-json\/wp\/v2\/posts\/3694\/revisions"}],"predecessor-version":[{"id":3696,"href":"https:\/\/www.revistarescatados.com.ar\/web\/wp-json\/wp\/v2\/posts\/3694\/revisions\/3696"}],"wp:featuredmedia":[{"embeddable":true,"href":"https:\/\/www.revistarescatados.com.ar\/web\/wp-json\/wp\/v2\/media\/3695"}],"wp:attachment":[{"href":"https:\/\/www.revistarescatados.com.ar\/web\/wp-json\/wp\/v2\/media?parent=3694"}],"wp:term":[{"taxonomy":"category","embeddable":true,"href":"https:\/\/www.revistarescatados.com.ar\/web\/wp-json\/wp\/v2\/categories?post=3694"},{"taxonomy":"post_tag","embeddable":true,"href":"https:\/\/www.revistarescatados.com.ar\/web\/wp-json\/wp\/v2\/tags?post=3694"}],"curies":[{"name":"wp","href":"https:\/\/api.w.org\/{rel}","templated":true}]}}