{"id":386,"date":"2018-05-04T20:55:54","date_gmt":"2018-05-04T23:55:54","guid":{"rendered":"http:\/\/www.revistarescatados.com.ar\/web\/?p=386"},"modified":"2018-05-04T20:55:54","modified_gmt":"2018-05-04T23:55:54","slug":"la-provincia-titularizara-a-5000-profesores-de-escuelas-secundarias","status":"publish","type":"post","link":"https:\/\/www.revistarescatados.com.ar\/web\/2018\/05\/04\/la-provincia-titularizara-a-5000-profesores-de-escuelas-secundarias\/","title":{"rendered":"La provincia titularizar\u00e1 a 5000 profesores de escuelas secundarias"},"content":{"rendered":"<p><img loading=\"lazy\" class=\"aligncenter size-full wp-image-387\" src=\"http:\/\/www.revistarescatados.com.ar\/web\/wp-content\/uploads\/2018\/05\/titularizaciones.jpg\" alt=\"\" width=\"1140\" height=\"640\" srcset=\"https:\/\/www.revistarescatados.com.ar\/web\/wp-content\/uploads\/2018\/05\/titularizaciones.jpg 1140w, https:\/\/www.revistarescatados.com.ar\/web\/wp-content\/uploads\/2018\/05\/titularizaciones-300x168.jpg 300w, https:\/\/www.revistarescatados.com.ar\/web\/wp-content\/uploads\/2018\/05\/titularizaciones-768x431.jpg 768w, https:\/\/www.revistarescatados.com.ar\/web\/wp-content\/uploads\/2018\/05\/titularizaciones-1024x575.jpg 1024w\" sizes=\"(max-width: 1140px) 100vw, 1140px\" \/><\/p>\n<p><strong><span style=\"color: #0000ff;\">El Ministerio de Educaci\u00f3n defini\u00f3 el cronograma de ofrecimiento del concurso de ingreso al Nivel Secundario. Ser\u00e1 entre el 11 y el 30 de mayo en cuatro sedes: Rafaela, Reconquista, Rosario y Santa Fe.<\/span> <\/strong>El gobierno provincial, a trav\u00e9s del Ministerio de Educaci\u00f3n, llevar\u00e1 a cabo entre el 11 y el 30 de mayo, los actos de ofrecimiento de cargos y horas c\u00e1tedra del concurso de ingreso al Nivel Secundario (Resoluci\u00f3n 1754\/17). La toma de posesi\u00f3n de los mismos ser\u00e1 el 1 de junio de 2018, junto con los traslados del nivel.<\/p>\n<p>Desde el a\u00f1o 2008, el gobierno provincial concreta una pol\u00edtica de titularizaci\u00f3n para docentes con el objetivo de mejorar la calidad educativa, brindando posibilidades de estabilidad laboral a miles de maestros y profesores santafesinos mediante un mecanismo transparente como los concursos.<\/p>\n<p>En esta oportunidad, se proponen 44.819 horas c\u00e1tedra y 983 cargos. Estas cifras implican la estabilidad de alrededor de 5000 profesores que hoy se desempe\u00f1an como suplentes o interinos en escuelas secundarias de la provincia.<\/p>\n<p>En detalle, en Rosario se ofrecer\u00e1n 21.099 horas c\u00e1tedra y 510 cargos; en Santa Fe, 14.893 horas c\u00e1tedra y 306 cargos; en Rafaela, 5051 horas c\u00e1tedra y 79 cargos; y en Reconquista, 3776 horas c\u00e1tedra y 88 cargos.<\/p>\n<p><strong><span style=\"color: #0000ff;\">CRONOGRAMA<\/span><\/strong><br \/>\n&lt;&lt; 11 de mayo: Reconquista (Regi\u00f3n II de Educaci\u00f3n), en la Escuela de Educaci\u00f3n T\u00e9cnico Profesional N\u00b0 461 (Presidente Roca 1250) desde las 8:30 horas.<\/p>\n<p>&lt;&lt; 16 y 17 de mayo: Rosario (Regiones V, VI y VII de Educaci\u00f3n), en el Sal\u00f3n Metropolitano (Jun\u00edn 501) desde las 8:30 horas.<\/p>\n<p>&lt;&lt; 18 de mayo: Rafaela (Regiones III, VIII y IX de Educaci\u00f3n), en el Centro de Educaci\u00f3n F\u00edsica N\u00b0 53 (Santa Fe 2680) desde las 8:30 horas.<\/p>\n<p>&lt;&lt; 29 y 30 de mayo: Santa Fe (Regiones I y IV de Educaci\u00f3n), en el Centro de Educaci\u00f3n F\u00edsica N\u00b0 29 (Galicia 2002) desde las 8:30 horas.<\/p>\n<p><span style=\"color: #0000ff;\"><strong>ESTABILIDAD<\/strong><\/span><br \/>\nEl gobierno provincial lleva diez a\u00f1os ininterrumpidos de concursos para los niveles inicial, primario y especial; tres a\u00f1os para el nivel secundario; y dos a\u00f1os para el nivel superior.<\/p>\n<p>Los concursos son mecanismos que permiten a docentes interinos o reemplazantes asumir la titularidad de los cargos y horas a los que acceden por orden, seg\u00fan la Junta de Escalafonamiento.<\/p>\n<p>Gracias a este proceso, ya son m\u00e1s de 40.000 los docentes que ya accedieron al sistema educativo en calidad de titular.<\/p>\n<p>Por otra parte, el Ministerio de Educaci\u00f3n prepara el concurso de ascenso directivo y de supervisores de la educaci\u00f3n secundaria orientada, t\u00e9cnico profesional y media de j\u00f3venes y adultos. Tal como se hizo con el nivel primario, los docentes deber\u00e1n capacitarse durante un a\u00f1o y luego rendir una prueba de oposici\u00f3n para tener la posibilidad de ascenso.<\/p>\n","protected":false},"excerpt":{"rendered":"<p>El Ministerio de Educaci\u00f3n defini\u00f3 el cronograma de ofrecimiento del concurso de ingreso al Nivel Secundario. Ser\u00e1 entre el 11 y el 30 de mayo en cuatro sedes: Rafaela, Reconquista, Rosario y&#46;&#46;&#46;<\/p>\n","protected":false},"author":1,"featured_media":387,"comment_status":"closed","ping_status":"open","sticky":false,"template":"","format":"standard","meta":[],"categories":[16,15],"tags":[],"_links":{"self":[{"href":"https:\/\/www.revistarescatados.com.ar\/web\/wp-json\/wp\/v2\/posts\/386"}],"collection":[{"href":"https:\/\/www.revistarescatados.com.ar\/web\/wp-json\/wp\/v2\/posts"}],"about":[{"href":"https:\/\/www.revistarescatados.com.ar\/web\/wp-json\/wp\/v2\/types\/post"}],"author":[{"embeddable":true,"href":"https:\/\/www.revistarescatados.com.ar\/web\/wp-json\/wp\/v2\/users\/1"}],"replies":[{"embeddable":true,"href":"https:\/\/www.revistarescatados.com.ar\/web\/wp-json\/wp\/v2\/comments?post=386"}],"version-history":[{"count":1,"href":"https:\/\/www.revistarescatados.com.ar\/web\/wp-json\/wp\/v2\/posts\/386\/revisions"}],"predecessor-version":[{"id":388,"href":"https:\/\/www.revistarescatados.com.ar\/web\/wp-json\/wp\/v2\/posts\/386\/revisions\/388"}],"wp:featuredmedia":[{"embeddable":true,"href":"https:\/\/www.revistarescatados.com.ar\/web\/wp-json\/wp\/v2\/media\/387"}],"wp:attachment":[{"href":"https:\/\/www.revistarescatados.com.ar\/web\/wp-json\/wp\/v2\/media?parent=386"}],"wp:term":[{"taxonomy":"category","embeddable":true,"href":"https:\/\/www.revistarescatados.com.ar\/web\/wp-json\/wp\/v2\/categories?post=386"},{"taxonomy":"post_tag","embeddable":true,"href":"https:\/\/www.revistarescatados.com.ar\/web\/wp-json\/wp\/v2\/tags?post=386"}],"curies":[{"name":"wp","href":"https:\/\/api.w.org\/{rel}","templated":true}]}}