{"id":389,"date":"2018-05-04T21:11:00","date_gmt":"2018-05-05T00:11:00","guid":{"rendered":"http:\/\/www.revistarescatados.com.ar\/web\/?p=389"},"modified":"2018-05-04T21:12:08","modified_gmt":"2018-05-05T00:12:08","slug":"se-posterga-la-visita-pastoral-del-obispo-diocesano-a-calchaqui","status":"publish","type":"post","link":"https:\/\/www.revistarescatados.com.ar\/web\/2018\/05\/04\/se-posterga-la-visita-pastoral-del-obispo-diocesano-a-calchaqui\/","title":{"rendered":"Se posterga la visita pastoral del obispo diocesano a Calchaqu\u00ed"},"content":{"rendered":"<p><img loading=\"lazy\" class=\"aligncenter size-full wp-image-390\" src=\"http:\/\/www.revistarescatados.com.ar\/web\/wp-content\/uploads\/2018\/05\/Parroquia-de-Calchaqu\u00ed.jpg\" alt=\"\" width=\"752\" height=\"654\" srcset=\"https:\/\/www.revistarescatados.com.ar\/web\/wp-content\/uploads\/2018\/05\/Parroquia-de-Calchaqu\u00ed.jpg 752w, https:\/\/www.revistarescatados.com.ar\/web\/wp-content\/uploads\/2018\/05\/Parroquia-de-Calchaqu\u00ed-300x261.jpg 300w\" sizes=\"(max-width: 752px) 100vw, 752px\" \/><\/p>\n<p>&nbsp;<\/p>\n<p><span style=\"color: #0000ff;\"><strong>\u201cPor motivos clim\u00e1ticos y la dificultad que se presenta para llegar a las periferias, que fue la intenci\u00f3n desde el comienzo, la Visita Pastoral del Obispo a nuestra Parroquia de Calchaqu\u00ed queda postergarla para otra ocasi\u00f3n m\u00e1s provechosa\u201d, inform\u00f3 el cura p\u00e1rroco. <\/strong><\/span><\/p>\n<p>\u201cDe todas formas el Obispo estar\u00e1 presidiendo la Eucarist\u00eda el pr\u00f3ximo domingo 13 de mayo a las 19 en el Templo, se\u00f1al\u00f3 el P. Walter V\u00e9nica.<\/p>\n","protected":false},"excerpt":{"rendered":"<p>&nbsp; \u201cPor motivos clim\u00e1ticos y la dificultad que se presenta para llegar a las periferias, que fue la intenci\u00f3n desde el comienzo, la Visita Pastoral del Obispo a nuestra Parroquia de Calchaqu\u00ed&#46;&#46;&#46;<\/p>\n","protected":false},"author":1,"featured_media":390,"comment_status":"closed","ping_status":"open","sticky":false,"template":"","format":"standard","meta":[],"categories":[2,3,16],"tags":[],"_links":{"self":[{"href":"https:\/\/www.revistarescatados.com.ar\/web\/wp-json\/wp\/v2\/posts\/389"}],"collection":[{"href":"https:\/\/www.revistarescatados.com.ar\/web\/wp-json\/wp\/v2\/posts"}],"about":[{"href":"https:\/\/www.revistarescatados.com.ar\/web\/wp-json\/wp\/v2\/types\/post"}],"author":[{"embeddable":true,"href":"https:\/\/www.revistarescatados.com.ar\/web\/wp-json\/wp\/v2\/users\/1"}],"replies":[{"embeddable":true,"href":"https:\/\/www.revistarescatados.com.ar\/web\/wp-json\/wp\/v2\/comments?post=389"}],"version-history":[{"count":3,"href":"https:\/\/www.revistarescatados.com.ar\/web\/wp-json\/wp\/v2\/posts\/389\/revisions"}],"predecessor-version":[{"id":393,"href":"https:\/\/www.revistarescatados.com.ar\/web\/wp-json\/wp\/v2\/posts\/389\/revisions\/393"}],"wp:featuredmedia":[{"embeddable":true,"href":"https:\/\/www.revistarescatados.com.ar\/web\/wp-json\/wp\/v2\/media\/390"}],"wp:attachment":[{"href":"https:\/\/www.revistarescatados.com.ar\/web\/wp-json\/wp\/v2\/media?parent=389"}],"wp:term":[{"taxonomy":"category","embeddable":true,"href":"https:\/\/www.revistarescatados.com.ar\/web\/wp-json\/wp\/v2\/categories?post=389"},{"taxonomy":"post_tag","embeddable":true,"href":"https:\/\/www.revistarescatados.com.ar\/web\/wp-json\/wp\/v2\/tags?post=389"}],"curies":[{"name":"wp","href":"https:\/\/api.w.org\/{rel}","templated":true}]}}