{"id":3991,"date":"2019-03-06T20:49:47","date_gmt":"2019-03-06T23:49:47","guid":{"rendered":"http:\/\/www.revistarescatados.com.ar\/web\/?p=3991"},"modified":"2019-03-06T20:49:47","modified_gmt":"2019-03-06T23:49:47","slug":"se-lanzo-programa-para-financiamiento-de-emprendedores-y-pequenos-productores-en-vera","status":"publish","type":"post","link":"https:\/\/www.revistarescatados.com.ar\/web\/2019\/03\/06\/se-lanzo-programa-para-financiamiento-de-emprendedores-y-pequenos-productores-en-vera\/","title":{"rendered":"Se lanz\u00f3 programa para financiamiento de emprendedores y peque\u00f1os productores en Vera"},"content":{"rendered":"<p><img loading=\"lazy\" class=\"aligncenter size-full wp-image-3992\" src=\"http:\/\/www.revistarescatados.com.ar\/web\/wp-content\/uploads\/2019\/03\/Rojas-y-Crettaz.jpg\" alt=\"\" width=\"1032\" height=\"774\" srcset=\"https:\/\/www.revistarescatados.com.ar\/web\/wp-content\/uploads\/2019\/03\/Rojas-y-Crettaz.jpg 1032w, https:\/\/www.revistarescatados.com.ar\/web\/wp-content\/uploads\/2019\/03\/Rojas-y-Crettaz-300x225.jpg 300w, https:\/\/www.revistarescatados.com.ar\/web\/wp-content\/uploads\/2019\/03\/Rojas-y-Crettaz-768x576.jpg 768w, https:\/\/www.revistarescatados.com.ar\/web\/wp-content\/uploads\/2019\/03\/Rojas-y-Crettaz-1024x768.jpg 1024w\" sizes=\"(max-width: 1032px) 100vw, 1032px\" \/><\/p>\n<p><span style=\"color: #0000ff;\"><strong>El coordinador del Plan del Norte, Sergio Rojas, y la directora provincial de Coordinaci\u00f3n Territorial del Ministerio de la Producci\u00f3n, Elisabet Crettaz, presentaron la l\u00ednea \u201cCapital Semilla\u201d dentro del programa Crear Comunidad Emprendedora, este mi\u00e9rcoles 6 en Vera.<\/strong><\/span><\/p>\n<p>\u201c\u00c9sta es una nueva l\u00ednea que tiene la secretar\u00eda de Desarrollo Territorial del Ministerio de la Producci\u00f3n, destinada a emprendedores y peque\u00f1os productores que est\u00e9n interesados en la presentaci\u00f3n de proyectos para conseguir recursos. El lanzamiento surge en el marco de las emergencias que tuvimos en los \u00faltimos meses y las herramientas que ha dise\u00f1ado el ministerio para llegar a los peque\u00f1os productores\u201d, explic\u00f3 Rojas.<\/p>\n<p>Por su parte, Crettaz inform\u00f3 que la l\u00ednea \u201cviene a fortalecer, de manera concreta y m\u00e1s \u00e1gil, el financiamiento a proyectos de emprendedores urbanos y peque\u00f1os productores que est\u00e9n en marcha. Es un subsidio de hasta 60 mil pesos de Capital Semilla. Empezar\u00e1 a funcionar a partir del 11 de marzo y se puede hacer la inscripci\u00f3n online. Se har\u00e1 una selecci\u00f3n de proyectos, luego se iniciar\u00e1 un per\u00edodo de capacitaci\u00f3n obligatoria de casi un mes, y posteriormente se otorgar\u00e1n los recursos solicitados\u201d.<\/p>\n<p>Asimismo, el coordinador del Plan del Norte asegur\u00f3 que \u201cestuvimos presentes durante la emergencia en las diferentes localidades afectadas, y hoy seguimos acompa\u00f1ando a los productores a trav\u00e9s de diversas \u00e1reas, para lograr que puedan ir mejorando su situaci\u00f3n y encontrarse en \u00f3ptimas condiciones\u201d.<\/p>\n<p><span style=\"color: #0000ff;\"><strong>CAPITAL SEMILLA<\/strong><\/span><\/p>\n<p>El Programa Provincial \u201cCREAR Comunidad Emprendedora, l\u00ednea Capital Semilla\u201d tiene como principal objetivo generar y fortalecer iniciativas productivas de triple impacto: es decir, actividades productivas que contribuyan al desarrollo humano, la sostenibilidad ambiental y el desarrollo econ\u00f3mico; y los emprendimientos para la inclusi\u00f3n social que bene\ufb01cien al desarrollo y crecimiento econ\u00f3mico de la Provincia de Santa Fe.<\/p>\n<p>Son destinatarios directos de este programa emprendedores formalizados o formas asociativas registradas, que residan en la Provincia de Santa Fe y desarrollen un emprendimiento en marcha. Los emprendimientos deber\u00e1n ser productivos o servicios ligados a la producci\u00f3n, descartando los servicios personales, la compraventa y comercios.<\/p>\n<p>Podr\u00e1n participar del Programa \u201cCREAR Comunidad Emprendedora, l\u00ednea Capital Semilla\u201d quienes cumplan con los siguientes requisitos:<\/p>\n<p>Ser mayor de edad.<br \/>\nTener N\u00b0 de CUIT y poseer constancia de inscripci\u00f3n actualizada.<br \/>\nNo haber sido bene\ufb01ciario en ediciones anteriores del programa.<\/p>\n<p>Para inscribirse deben completar el formulario online: <a href=\"http:\/\/bit.ly\/CapitalSemillaSantaFe\"><span style=\"color: #0000ff;\"><strong>http:\/\/bit.ly\/CapitalSemillaSantaFe<\/strong><\/span><\/a><\/p>\n","protected":false},"excerpt":{"rendered":"<p>El coordinador del Plan del Norte, Sergio Rojas, y la directora provincial de Coordinaci\u00f3n Territorial del Ministerio de la Producci\u00f3n, Elisabet Crettaz, presentaron la l\u00ednea \u201cCapital Semilla\u201d dentro del programa Crear Comunidad&#46;&#46;&#46;<\/p>\n","protected":false},"author":1,"featured_media":3992,"comment_status":"closed","ping_status":"open","sticky":false,"template":"","format":"standard","meta":[],"categories":[3,10,14],"tags":[],"_links":{"self":[{"href":"https:\/\/www.revistarescatados.com.ar\/web\/wp-json\/wp\/v2\/posts\/3991"}],"collection":[{"href":"https:\/\/www.revistarescatados.com.ar\/web\/wp-json\/wp\/v2\/posts"}],"about":[{"href":"https:\/\/www.revistarescatados.com.ar\/web\/wp-json\/wp\/v2\/types\/post"}],"author":[{"embeddable":true,"href":"https:\/\/www.revistarescatados.com.ar\/web\/wp-json\/wp\/v2\/users\/1"}],"replies":[{"embeddable":true,"href":"https:\/\/www.revistarescatados.com.ar\/web\/wp-json\/wp\/v2\/comments?post=3991"}],"version-history":[{"count":1,"href":"https:\/\/www.revistarescatados.com.ar\/web\/wp-json\/wp\/v2\/posts\/3991\/revisions"}],"predecessor-version":[{"id":3993,"href":"https:\/\/www.revistarescatados.com.ar\/web\/wp-json\/wp\/v2\/posts\/3991\/revisions\/3993"}],"wp:featuredmedia":[{"embeddable":true,"href":"https:\/\/www.revistarescatados.com.ar\/web\/wp-json\/wp\/v2\/media\/3992"}],"wp:attachment":[{"href":"https:\/\/www.revistarescatados.com.ar\/web\/wp-json\/wp\/v2\/media?parent=3991"}],"wp:term":[{"taxonomy":"category","embeddable":true,"href":"https:\/\/www.revistarescatados.com.ar\/web\/wp-json\/wp\/v2\/categories?post=3991"},{"taxonomy":"post_tag","embeddable":true,"href":"https:\/\/www.revistarescatados.com.ar\/web\/wp-json\/wp\/v2\/tags?post=3991"}],"curies":[{"name":"wp","href":"https:\/\/api.w.org\/{rel}","templated":true}]}}