{"id":3997,"date":"2019-03-06T22:38:05","date_gmt":"2019-03-07T01:38:05","guid":{"rendered":"http:\/\/www.revistarescatados.com.ar\/web\/?p=3997"},"modified":"2019-03-06T22:42:16","modified_gmt":"2019-03-07T01:42:16","slug":"los-desafios-del-clima-en-la-post-cosecha","status":"publish","type":"post","link":"https:\/\/www.revistarescatados.com.ar\/web\/2019\/03\/06\/los-desafios-del-clima-en-la-post-cosecha\/","title":{"rendered":"Los desaf\u00edos del clima en la Post-Cosecha"},"content":{"rendered":"<p><img loading=\"lazy\" class=\"wp-image-3999 alignleft\" src=\"http:\/\/www.revistarescatados.com.ar\/web\/wp-content\/uploads\/2019\/03\/Ing.-Domingo-Yanucci-Febrero-2018-CMYK-72dpi-2.jpg\" alt=\"\" width=\"336\" height=\"453\" srcset=\"https:\/\/www.revistarescatados.com.ar\/web\/wp-content\/uploads\/2019\/03\/Ing.-Domingo-Yanucci-Febrero-2018-CMYK-72dpi-2.jpg 720w, https:\/\/www.revistarescatados.com.ar\/web\/wp-content\/uploads\/2019\/03\/Ing.-Domingo-Yanucci-Febrero-2018-CMYK-72dpi-2-222x300.jpg 222w\" sizes=\"(max-width: 336px) 100vw, 336px\" \/><\/p>\n<p><strong><em>Ing. Domingo Yanucci<\/em><\/strong><\/p>\n<p><strong><em>graosbr@gmail.com<\/em><\/strong><\/p>\n<p>&nbsp;<\/p>\n<p>Todos los dias escuchamos que este a\u00f1o fue record de temperaturas y as\u00ed a\u00f1o a a\u00f1o, con todas las implicancias que tiene el llamado calentamiento global. Los \u00faltimos a\u00f1os se discute sobre cu\u00e1l puede ser el origen, la mayor\u00eda apunta a la acci\u00f3n del hombre, pero muchos tambi\u00e9n afirman que se trata de ciclos normales del planeta. De cualquier forma nadie discute sobre lo que todos sentimos, la temperatura est\u00e1 aumentando.<\/p>\n<p>Sabemos que la temperatura es una de las variables f\u00edsicas del medio y que interacciona directa e indirectamente con muchas otras variables que afectan la post-cosecha, como ejemplo podemos mencionar, humedad, sorci\u00f3n, propiedades termof\u00edsicas del granel, insectos y otras plagas, microorganismos (hongos-bacterias), acci\u00f3n y degradaci\u00f3n de plaguicidas, p\u00e9rdidas de almacenaje, etc. etc.<\/p>\n<p>No hace mucho tiempo el eminente especialista en clima el <strong>Ing. Eduardo Sierra<\/strong>, particip\u00f3 en uno de nuestros libros de actualizaci\u00f3n (Aireaci\u00f3n y Refrigeraci\u00f3n) haciendo el primer estudio del clima en funci\u00f3n de la post-cosecha, ya que casi siempre se habla del clima en funci\u00f3n de la producci\u00f3n y no del cuidado de lo producido. La aireaci\u00f3n que es una pr\u00e1ctica ampliamente difundida y que fue mal planteada en nuestra regi\u00f3n, cada vez resulta m\u00e1s limitante por el manejo de la mercader\u00eda.<\/p>\n<p>Sabemos que los climas ideales para producir tambi\u00e9n suelen ser los peores para conservar y a la inversa los que dificultan la producci\u00f3n facilitan el almacenaje. Justamente la agricultura se inici\u00f3 donde era dificultoso producir y f\u00e1cil conservar, ya que solo tiene sentido producir grandes vol\u00famenes de granos si est\u00e1n dadas las condiciones para asegurar su conservaci\u00f3n hasta la fecha de consumo.<\/p>\n<p><img loading=\"lazy\" class=\"aligncenter size-full wp-image-3998\" src=\"http:\/\/www.revistarescatados.com.ar\/web\/wp-content\/uploads\/2019\/03\/Cool-Seed-300dpi-CMYK.jpg\" alt=\"\" width=\"1223\" height=\"638\" srcset=\"https:\/\/www.revistarescatados.com.ar\/web\/wp-content\/uploads\/2019\/03\/Cool-Seed-300dpi-CMYK.jpg 1223w, https:\/\/www.revistarescatados.com.ar\/web\/wp-content\/uploads\/2019\/03\/Cool-Seed-300dpi-CMYK-300x157.jpg 300w, https:\/\/www.revistarescatados.com.ar\/web\/wp-content\/uploads\/2019\/03\/Cool-Seed-300dpi-CMYK-768x401.jpg 768w, https:\/\/www.revistarescatados.com.ar\/web\/wp-content\/uploads\/2019\/03\/Cool-Seed-300dpi-CMYK-1024x534.jpg 1024w\" sizes=\"(max-width: 1223px) 100vw, 1223px\" \/><\/p>\n<p><span style=\"color: #0000ff;\"><strong><u>Cu\u00e1les son las implicancias pr\u00e1cticas que surgen con este lento pero inexorable aumento de temperaturas:<\/u><\/strong><\/span><\/p>\n<p><strong><u>\u00a0<\/u><\/strong><\/p>\n<p><span style=\"color: #0000ff;\"><strong><u>Plagas Insectiles:<\/u><\/strong><\/span><\/p>\n<p>Las mismas son todas de origen sub-tropical, necesitan elevadas temperaturas y podemos encontrarlas libres en la naturaleza, pero se transforman en plagas en la masa de granos, donde tienen protecci\u00f3n de temperaturas extremas, alimento en abundancia y est\u00e1n libres de enemigos naturales. Las temperaturas \u00f3ptimas de las plagas m\u00e1s importantes est\u00e1n entre 27 y 32<sup>0<\/sup> C. Las temperaturas m\u00e1s amenas para las plagas hacen que lleguen a la planta de silos graneles con mayor nivel de infestaci\u00f3n, tanto oculta como visible, tambi\u00e9n se dificulta el control en las instalaciones debido a que mayores temperaturas reducen el tiempo del ciclo (de huevo a adulto) y favorecen una mayor actividad de los individuos, es decir mayor consumo y reproducci\u00f3n.<\/p>\n<p>Sabemos que d\u00e9cadas atr\u00e1s llego al sur del continente el <strong><em>Ryzopertha dominica<\/em> F.<\/strong>, bajando lentamente hasta cubrir toda la extensi\u00f3n de las zonas productoras de granos, hoy est\u00e1 pasando lo mismo con el <strong><em>Lasioderma serricorne<\/em> L. (carcoma del tabaco)<\/strong>, que a diferencia de las otras plagas es capaz de atacar la soja.<\/p>\n<p>Las mayores temperaturas no solo aumentan el potencial bi\u00f3tico de las plagas, tambi\u00e9n afectan la eficiencia de los plaguicidas residuales. Estos \u00faltimos se usan para los tratamientos de instalaci\u00f3n y para la protecci\u00f3n del grano por meses. La protecci\u00f3n de un residual puede variar un 100% seg\u00fan la temperatura que deba soportar. Por eso el refuerzo de dosis y la mayor frecuencia en las instalaciones y la b\u00fasqueda de enfriar el grano tratado, son estrategias b\u00e1sicas de la conservaci\u00f3n. Los que siguen nuestros trabajos ya saben que las dosis de tratamientos de instalaciones est\u00e1n mal calculadas.<\/p>\n<p><strong><u>\u00a0<\/u><\/strong><\/p>\n<p><span style=\"color: #0000ff;\"><strong><u>Hongos a campo:<\/u><\/strong><\/span><\/p>\n<p>Los hongos que atacan granos almacenados, ya vienen desde el campo. Las muchas especies de <strong><em>Aspergillus<\/em><\/strong> y <strong><em>Penicillium<\/em><\/strong>, pueden tener un desarrollo incipiente a campo y cuando tienen las condiciones adecuadas en el almacenaje expresan todo su potencial de consumo y deterioro.<\/p>\n<p>La principal variable que afecta a los hongos es la humedad, mas la temperatura potencializa su desarrollo, acelera el crecimiento en forma impresionante, haciendo que el TAS (Tiempo de Almacenaje Seguro) disminuya notablemente.<\/p>\n<p>Sabemos tambi\u00e9n que los stress h\u00eddricos, asociados a elevadas evapotranspiraciones por altas temperaturas, favorece el ataque de hongos de campo, facilitando el ingreso de las hifas al interior de los granos a cosechar.<\/p>\n<p>&nbsp;<\/p>\n<p><span style=\"color: #0000ff;\"><strong><u>Manejo de la temperatura:<\/u><\/strong><\/span><\/p>\n<p>Obviamente la temperatura ambiente no la podemos manejar, si podemos bajar la temperatura del granel. Claro que con la pobre aireaci\u00f3n convencional, cada vez resulta m\u00e1s dificultoso. Para subsanar esto est\u00e1 ampliamente difundida la <strong>refrigeraci\u00f3n artificial<\/strong>, como como sabemos implica una inversi\u00f3n que a lo sumo se para en 2 cosechas.<\/p>\n<p>Los aumentos de temperatura tienen dos consecuencias, la primera es que la m\u00ednima temperatura a la que podemos llegar es cada vez m\u00e1s elevada y la otra, que yo considero m\u00e1s peligrosa, es la reducci\u00f3n del n\u00famero de horas adecuadas para airear. Las mayores temperaturas tambi\u00e9n le quitan eficiencia a los sistemas de refrigeraci\u00f3n que pueden necesitar un mayor consumo de Kwh para lograr los objetivos.<\/p>\n<p><strong><u>\u00a0<\/u><\/strong><\/p>\n<p><span style=\"color: #0000ff;\"><strong><u>P\u00e9rdidas cuali-cuantitativas:<\/u><\/strong><\/span><\/p>\n<p>A la luz de lo comentado se presentan en las plantas de silos 2 consecuencias indeseables. Las p\u00e9rdidas generadas por los procesos de respiraci\u00f3n, hongos, insectos, etc., son mayores a lo largo del almacenaje (Estas p\u00e9rdidas son llamadas err\u00f3neamente mermas) y por otro lado se hace m\u00e1s dif\u00edcil mantener la calidad de los granos, sobre todo en el mediano y largo plazo. Podemos ver como lo m\u00e1s sensible que tiene un grano, el poder y la energ\u00eda germinativa, se pierden con rapidez.<\/p>\n<p>Mucho se viene trabajando en desarrollar plantas m\u00e1s tolerantes a sequ\u00eda, enfermedades, etc., pero sabemos que la calidad de conservaci\u00f3n de los granos est\u00e1 cada vez m\u00e1s comprometida. Las mejoras gen\u00e9ticas no buscan granos con mejor potencial de conservaci\u00f3n, se apunta a productividad y calidad de componentes (prote\u00ednas \u2013 materia grasa).<\/p>\n<p>&nbsp;<\/p>\n<p>Por \u00faltimo un llamado de atenci\u00f3n, como dice la canci\u00f3n de <strong>Julio Numhauser<\/strong> popularizada por la querida <strong>Negra Sosa<\/strong>:<\/p>\n<p><span style=\"color: #ff0000;\"><strong><em>Cambia el clima con los a\u00f1os<\/em><\/strong><\/span><\/p>\n<p><span style=\"color: #ff0000;\"><strong><em>Cambia el pastor su reba\u00f1o<\/em><\/strong><\/span><\/p>\n<p><span style=\"color: #ff0000;\"><strong><em>Y as\u00ed como todo cambia<\/em><\/strong><\/span><\/p>\n<p><span style=\"color: #ff0000;\"><strong><em>Que yo cambie no es extra\u00f1o<\/em><\/strong><\/span><\/p>\n<p>No podemos seguir haciendo lo mismo y pretender tener mejores resultados. Es imprescindible ajustar el manejo, incorporando las pr\u00e1cticas que sean necesarias para optimizar la post-cosecha de granos y semillas.<\/p>\n","protected":false},"excerpt":{"rendered":"<p>Ing. Domingo Yanucci graosbr@gmail.com &nbsp; Todos los dias escuchamos que este a\u00f1o fue record de temperaturas y as\u00ed a\u00f1o a a\u00f1o, con todas las implicancias que tiene el llamado calentamiento global. Los&#46;&#46;&#46;<\/p>\n","protected":false},"author":1,"featured_media":3998,"comment_status":"closed","ping_status":"open","sticky":false,"template":"","format":"standard","meta":[],"categories":[10,14,8],"tags":[],"_links":{"self":[{"href":"https:\/\/www.revistarescatados.com.ar\/web\/wp-json\/wp\/v2\/posts\/3997"}],"collection":[{"href":"https:\/\/www.revistarescatados.com.ar\/web\/wp-json\/wp\/v2\/posts"}],"about":[{"href":"https:\/\/www.revistarescatados.com.ar\/web\/wp-json\/wp\/v2\/types\/post"}],"author":[{"embeddable":true,"href":"https:\/\/www.revistarescatados.com.ar\/web\/wp-json\/wp\/v2\/users\/1"}],"replies":[{"embeddable":true,"href":"https:\/\/www.revistarescatados.com.ar\/web\/wp-json\/wp\/v2\/comments?post=3997"}],"version-history":[{"count":3,"href":"https:\/\/www.revistarescatados.com.ar\/web\/wp-json\/wp\/v2\/posts\/3997\/revisions"}],"predecessor-version":[{"id":4002,"href":"https:\/\/www.revistarescatados.com.ar\/web\/wp-json\/wp\/v2\/posts\/3997\/revisions\/4002"}],"wp:featuredmedia":[{"embeddable":true,"href":"https:\/\/www.revistarescatados.com.ar\/web\/wp-json\/wp\/v2\/media\/3998"}],"wp:attachment":[{"href":"https:\/\/www.revistarescatados.com.ar\/web\/wp-json\/wp\/v2\/media?parent=3997"}],"wp:term":[{"taxonomy":"category","embeddable":true,"href":"https:\/\/www.revistarescatados.com.ar\/web\/wp-json\/wp\/v2\/categories?post=3997"},{"taxonomy":"post_tag","embeddable":true,"href":"https:\/\/www.revistarescatados.com.ar\/web\/wp-json\/wp\/v2\/tags?post=3997"}],"curies":[{"name":"wp","href":"https:\/\/api.w.org\/{rel}","templated":true}]}}