{"id":4020,"date":"2019-03-07T00:21:52","date_gmt":"2019-03-07T03:21:52","guid":{"rendered":"http:\/\/www.revistarescatados.com.ar\/web\/?p=4020"},"modified":"2019-03-07T00:33:57","modified_gmt":"2019-03-07T03:33:57","slug":"claudia-giaccone-en-calchaqui-los-peronistas-queremos-ganar-la-provincia","status":"publish","type":"post","link":"https:\/\/www.revistarescatados.com.ar\/web\/2019\/03\/07\/claudia-giaccone-en-calchaqui-los-peronistas-queremos-ganar-la-provincia\/","title":{"rendered":"Claudia Giaccone en Calchaqu\u00ed: \u201cLos peronistas queremos ganar la provincia\u201d"},"content":{"rendered":"<p><img loading=\"lazy\" class=\"aligncenter size-full wp-image-4021\" src=\"http:\/\/www.revistarescatados.com.ar\/web\/wp-content\/uploads\/2019\/03\/Claudia-Giaccone.jpg\" alt=\"\" width=\"1383\" height=\"922\" srcset=\"https:\/\/www.revistarescatados.com.ar\/web\/wp-content\/uploads\/2019\/03\/Claudia-Giaccone.jpg 1383w, https:\/\/www.revistarescatados.com.ar\/web\/wp-content\/uploads\/2019\/03\/Claudia-Giaccone-300x200.jpg 300w, https:\/\/www.revistarescatados.com.ar\/web\/wp-content\/uploads\/2019\/03\/Claudia-Giaccone-768x512.jpg 768w, https:\/\/www.revistarescatados.com.ar\/web\/wp-content\/uploads\/2019\/03\/Claudia-Giaccone-1024x683.jpg 1024w\" sizes=\"(max-width: 1383px) 100vw, 1383px\" \/><\/p>\n<p><span style=\"color: #0000ff;\"><strong>La actual diputada encabeza la lista \u201cUnidos por Santa Fe\u201d que participar\u00e1 de la interna justicialista el pr\u00f3ximo 28 de abril. Tras reunirse con el intendente, present\u00f3 a Gladis Di Martino como integrante de su lista en la ciudad.<\/strong><\/span><\/p>\n<p>En la ma\u00f1ana de este mi\u00e9rcoles, la legisladora Claudia Giaccone \u2013 oriunda de Casilda \u2013 visit\u00f3 instituciones de Calchaqu\u00ed y se reuni\u00f3 con el intendente Rub\u00e9n Cuello para dialogar sobre la realidad socioecon\u00f3mica de la ciudad y proyectos a trabajar conjuntamente.<\/p>\n<p>En di\u00e1logo con la prensa, destac\u00f3 la importancia del contacto directo con los actores sociales y pol\u00edticos de cada territorio para tener una acabada mirada sobre los reclamos y potencialidades de cada lugar.<\/p>\n<p>En el armado de la lista \u201cUnidos por Santa Fe\u201d, destac\u00f3 la paridad de g\u00e9nero, inclusi\u00f3n, juventud y pluralidad de referentes de toda la bota santafesina. En este sentido, valor\u00f3 la labor social y voluntaria de Gladis Di Martino \u2013 que integra su lista \u2013 en su accionar con la contenci\u00f3n de los ni\u00f1os a trav\u00e9s del deporte y un comedor comunitario en el barrio aborigen.<\/p>\n<p><em><strong>\u201cCreo que son dos valores fundamentales en esta lista, la mirada de la mujer que enriquece la igualdad y demuestra que un liderazgo femenino es dif\u00edcil pero no imposible. Adem\u00e1s se recorre cada punto de la provincia que va escuchando todas las personas valiosas que est\u00e1n en el interior, como Gladis, que realizan tanto por sus pueblos y tienen la posibilidad de participar de un proyecto provincial\u201d<\/strong><\/em>, se\u00f1al\u00f3. Y agreg\u00f3 <em><strong>\u201clos peronistas queremos ganar la provincia, despu\u00e9s de tres gestiones, queremos un cambio de la pol\u00edtica macroecon\u00f3mica que est\u00e1 empobreciendo \u00a0a nuestra ciudadan\u00eda. En ese marco nosotros aportamos toda la presencia del interior\u201d<\/strong><\/em>.<\/p>\n<p>Adem\u00e1s se refiri\u00f3 \u00a0a los proyectos plasmados en su gesti\u00f3n legislativa como autora de la ley de formaci\u00f3n deportiva, la ley nacional de agricultura familiar, la ley del folclore en las escuelas, la asignaci\u00f3n deportiva universal, pr\u00f3rroga de desalojos rurales para agricultores familiares, la ley de tarifas gratuitas para electrodependientes e incluso solicit\u00f3 la ley de emergencia industrial.<\/p>\n<p>MIRA EL <a href=\"https:\/\/www.facebook.com\/161421006756\/photos\/?tab=album&amp;album_id=10157238165841757\"><span style=\"color: #0000ff;\"><strong>ALBUM DE IMAGENES<\/strong><\/span><\/a><\/p>\n<p>&nbsp;<\/p>\n","protected":false},"excerpt":{"rendered":"<p>La actual diputada encabeza la lista \u201cUnidos por Santa Fe\u201d que participar\u00e1 de la interna justicialista el pr\u00f3ximo 28 de abril. Tras reunirse con el intendente, present\u00f3 a Gladis Di Martino como&#46;&#46;&#46;<\/p>\n","protected":false},"author":1,"featured_media":4021,"comment_status":"closed","ping_status":"open","sticky":false,"template":"","format":"standard","meta":[],"categories":[2,3,13],"tags":[],"_links":{"self":[{"href":"https:\/\/www.revistarescatados.com.ar\/web\/wp-json\/wp\/v2\/posts\/4020"}],"collection":[{"href":"https:\/\/www.revistarescatados.com.ar\/web\/wp-json\/wp\/v2\/posts"}],"about":[{"href":"https:\/\/www.revistarescatados.com.ar\/web\/wp-json\/wp\/v2\/types\/post"}],"author":[{"embeddable":true,"href":"https:\/\/www.revistarescatados.com.ar\/web\/wp-json\/wp\/v2\/users\/1"}],"replies":[{"embeddable":true,"href":"https:\/\/www.revistarescatados.com.ar\/web\/wp-json\/wp\/v2\/comments?post=4020"}],"version-history":[{"count":2,"href":"https:\/\/www.revistarescatados.com.ar\/web\/wp-json\/wp\/v2\/posts\/4020\/revisions"}],"predecessor-version":[{"id":4024,"href":"https:\/\/www.revistarescatados.com.ar\/web\/wp-json\/wp\/v2\/posts\/4020\/revisions\/4024"}],"wp:featuredmedia":[{"embeddable":true,"href":"https:\/\/www.revistarescatados.com.ar\/web\/wp-json\/wp\/v2\/media\/4021"}],"wp:attachment":[{"href":"https:\/\/www.revistarescatados.com.ar\/web\/wp-json\/wp\/v2\/media?parent=4020"}],"wp:term":[{"taxonomy":"category","embeddable":true,"href":"https:\/\/www.revistarescatados.com.ar\/web\/wp-json\/wp\/v2\/categories?post=4020"},{"taxonomy":"post_tag","embeddable":true,"href":"https:\/\/www.revistarescatados.com.ar\/web\/wp-json\/wp\/v2\/tags?post=4020"}],"curies":[{"name":"wp","href":"https:\/\/api.w.org\/{rel}","templated":true}]}}