{"id":4025,"date":"2019-03-07T13:33:28","date_gmt":"2019-03-07T16:33:28","guid":{"rendered":"http:\/\/www.revistarescatados.com.ar\/web\/?p=4025"},"modified":"2019-03-07T13:33:28","modified_gmt":"2019-03-07T16:33:28","slug":"vecinos-de-6-localidades-del-departamento-vera-no-pagaran-la-luz-por-6-meses","status":"publish","type":"post","link":"https:\/\/www.revistarescatados.com.ar\/web\/2019\/03\/07\/vecinos-de-6-localidades-del-departamento-vera-no-pagaran-la-luz-por-6-meses\/","title":{"rendered":"Vecinos de 6 localidades del departamento Vera no pagar\u00e1n la luz por 6 meses"},"content":{"rendered":"<p><img loading=\"lazy\" class=\"aligncenter size-full wp-image-4026\" src=\"http:\/\/www.revistarescatados.com.ar\/web\/wp-content\/uploads\/2019\/03\/Geese-Rojas-Alonso.jpg\" alt=\"\" width=\"1280\" height=\"853\" srcset=\"https:\/\/www.revistarescatados.com.ar\/web\/wp-content\/uploads\/2019\/03\/Geese-Rojas-Alonso.jpg 1280w, https:\/\/www.revistarescatados.com.ar\/web\/wp-content\/uploads\/2019\/03\/Geese-Rojas-Alonso-300x200.jpg 300w, https:\/\/www.revistarescatados.com.ar\/web\/wp-content\/uploads\/2019\/03\/Geese-Rojas-Alonso-768x512.jpg 768w, https:\/\/www.revistarescatados.com.ar\/web\/wp-content\/uploads\/2019\/03\/Geese-Rojas-Alonso-1024x682.jpg 1024w\" sizes=\"(max-width: 1280px) 100vw, 1280px\" \/><\/p>\n<p><span style=\"color: #0000ff;\"><strong>As\u00ed lo anunci\u00f3 el coordinador del Plan del Norte, Sergio Rojas, en el marco de los beneficios que el gobierno provincial otorgar\u00e1 a localidades decretadas en la llamada \u201czona de desastre\u201d tras la \u00faltima emergencia h\u00eddrica que azot\u00f3 al norte santafesino.<\/strong><\/span><\/p>\n<p>\u201cHemos visto la situaci\u00f3n que debieron atravesar tantas familias de nuestro norte luego de las abundantes precipitaciones que comenzaron en diciembre pasado. A lo largo de la emergencia h\u00eddrica, fuimos manteniendo diferentes reuniones con ministros y secretarios provinciales para definir las l\u00edneas de ayuda, y estando presente en el territorio\u201d, comenz\u00f3 diciendo Rojas.<\/p>\n<p>El funcionario explic\u00f3 que junto con la secretaria de Estado de la Energ\u00eda, Ver\u00f3nica Geese, \u201cdiscut\u00edamos acerca de los beneficios posibles para aquellas familias que fueron afectadas y no podr\u00edan pagar las boletas de la luz. Por eso, luego de analizar localidad por localidad, se defini\u00f3 que aquellos usuarios comprendidos en la denominada \u2018zona de desastre\u2019, de acuerdo al decreto N\u00b0 47\/19, no abonar\u00e1n los primeros 6 meses del a\u00f1o, es decir, de enero a junio\u201d.<\/p>\n<p>Asimismo, el coordinador de Plan del Norte indic\u00f3 que ser\u00e1n adjudicadas con esta ayuda \u201cCa\u00f1ada Omb\u00fa, Fort\u00edn Olmos, Garabato, Golondrina, Intiyaco y Los Amores. Esto es tanto para peque\u00f1as demandas como gran usuarios por 3 bimestres del a\u00f1o. De esta forma, del pago de sus facturas se har\u00e1 cargo el gobierno provincial, las cuales equivalen a un monto superior a los 52 millones de pesos\u201d.<\/p>\n<p>En otra direcci\u00f3n, Sergio Rojas se\u00f1al\u00f3 que \u201cen el caso de usuarios que tengan atrasos en el pago de sus boletas correspondientes al a\u00f1o 2018, tendr\u00e1n la posibilidad de firmar un convenio con la Empresa Provincial de la Energ\u00eda para fijar el modo de abono\u201d.<\/p>\n<p>Por \u00faltimo, argument\u00f3 que \u201ces importante estar con la gente no s\u00f3lo durante las emergencias, asisti\u00e9ndola con mercader\u00edas y medicamentos, sino tambi\u00e9n en el momento posterior. Desde el Gobierno de Santa Fe estamos constantemente en contacto con los vecinos, diagnosticando las situaciones y actuando al respecto con soluciones. Y as\u00ed seguir\u00e1 siendo, porque las familias necesitan de un gobierno presente que las escuche, m\u00e1s a\u00fan hoy que atravesamos una profunda crisis econ\u00f3mica nacional\u201d.<\/p>\n","protected":false},"excerpt":{"rendered":"<p>As\u00ed lo anunci\u00f3 el coordinador del Plan del Norte, Sergio Rojas, en el marco de los beneficios que el gobierno provincial otorgar\u00e1 a localidades decretadas en la llamada \u201czona de desastre\u201d tras&#46;&#46;&#46;<\/p>\n","protected":false},"author":1,"featured_media":4026,"comment_status":"closed","ping_status":"open","sticky":false,"template":"","format":"standard","meta":[],"categories":[3,16,10,14],"tags":[],"_links":{"self":[{"href":"https:\/\/www.revistarescatados.com.ar\/web\/wp-json\/wp\/v2\/posts\/4025"}],"collection":[{"href":"https:\/\/www.revistarescatados.com.ar\/web\/wp-json\/wp\/v2\/posts"}],"about":[{"href":"https:\/\/www.revistarescatados.com.ar\/web\/wp-json\/wp\/v2\/types\/post"}],"author":[{"embeddable":true,"href":"https:\/\/www.revistarescatados.com.ar\/web\/wp-json\/wp\/v2\/users\/1"}],"replies":[{"embeddable":true,"href":"https:\/\/www.revistarescatados.com.ar\/web\/wp-json\/wp\/v2\/comments?post=4025"}],"version-history":[{"count":1,"href":"https:\/\/www.revistarescatados.com.ar\/web\/wp-json\/wp\/v2\/posts\/4025\/revisions"}],"predecessor-version":[{"id":4027,"href":"https:\/\/www.revistarescatados.com.ar\/web\/wp-json\/wp\/v2\/posts\/4025\/revisions\/4027"}],"wp:featuredmedia":[{"embeddable":true,"href":"https:\/\/www.revistarescatados.com.ar\/web\/wp-json\/wp\/v2\/media\/4026"}],"wp:attachment":[{"href":"https:\/\/www.revistarescatados.com.ar\/web\/wp-json\/wp\/v2\/media?parent=4025"}],"wp:term":[{"taxonomy":"category","embeddable":true,"href":"https:\/\/www.revistarescatados.com.ar\/web\/wp-json\/wp\/v2\/categories?post=4025"},{"taxonomy":"post_tag","embeddable":true,"href":"https:\/\/www.revistarescatados.com.ar\/web\/wp-json\/wp\/v2\/tags?post=4025"}],"curies":[{"name":"wp","href":"https:\/\/api.w.org\/{rel}","templated":true}]}}