{"id":4028,"date":"2019-03-07T19:04:52","date_gmt":"2019-03-07T22:04:52","guid":{"rendered":"http:\/\/www.revistarescatados.com.ar\/web\/?p=4028"},"modified":"2019-03-07T19:04:52","modified_gmt":"2019-03-07T22:04:52","slug":"ordenaron-la-prision-preventiva-de-un-hombre-investigado-por-delitos-cometidos-en-san-javier","status":"publish","type":"post","link":"https:\/\/www.revistarescatados.com.ar\/web\/2019\/03\/07\/ordenaron-la-prision-preventiva-de-un-hombre-investigado-por-delitos-cometidos-en-san-javier\/","title":{"rendered":"Ordenaron la prisi\u00f3n preventiva de un hombre\u00a0investigado por delitos cometidos en San Javier"},"content":{"rendered":"<p class=\"m_4832152932015903784western\" align=\"center\"><img loading=\"lazy\" class=\"aligncenter size-full wp-image-3724\" src=\"http:\/\/www.revistarescatados.com.ar\/web\/wp-content\/uploads\/2019\/02\/abuso.jpg\" alt=\"\" width=\"630\" height=\"399\" srcset=\"https:\/\/www.revistarescatados.com.ar\/web\/wp-content\/uploads\/2019\/02\/abuso.jpg 630w, https:\/\/www.revistarescatados.com.ar\/web\/wp-content\/uploads\/2019\/02\/abuso-300x190.jpg 300w\" sizes=\"(max-width: 630px) 100vw, 630px\" \/><br \/>\n<span style=\"color: #0000ff;\"><strong>El hombre investigado tiene 31 a\u00f1os y sus iniciales son JJV. El fiscal le atribuy\u00f3 la autor\u00eda de delitos contra la integridad sexual; lesiones; tentativa de robo; y portaci\u00f3n ileg\u00edtima de arma de guerra.<\/strong><\/span><\/p>\n<p class=\"m_4832152932015903784western\" align=\"center\">\n<p class=\"m_4832152932015903784western\" align=\"left\">Un hombre de 31 a\u00f1os cuyas iniciales son JJV qued\u00f3 en prisi\u00f3n preventiva en el marco de una investigaci\u00f3n que encabeza el fiscal Francisco\u00a0Jos\u00e9\u00a0Cecchini por delitos cometidos en la ciudad de San Javier. As\u00ed lo dispuso el juez de la Investigaci\u00f3n Penal Preparatoria (IPP), H\u00e9ctor Gabriel Candioti, a ra\u00edz del pedido formulado por el fiscal del MPA en una audiencia realizada esta ma\u00f1ana en los tribunales de la ciudad de Santa Fe.<\/p>\n<p class=\"m_4832152932015903784western\" align=\"left\">El fiscal Cecchini le imput\u00f3 al hombre investigado la autor\u00eda de los delitos de\u00a0abuso sexual con acceso carnal agravado (por utilizaci\u00f3n de armas); tentativa de robo agravado; portaci\u00f3n de armas de guerra sin\u00a0ladebida autorizaci\u00f3n y lesiones leves dolosas.<\/p>\n<p class=\"m_4832152932015903784western\" align=\"left\"><span style=\"color: #0000ff;\"><b>En un terreno bald\u00edo<\/b><\/span><\/p>\n<p class=\"m_4832152932015903784western\" align=\"left\">\u201cEn la noche del lunes pasado, una joven menor de edad caminaba junto a su novio por inmediaciones de la provincial n\u00famero 1 y la calle Eva Per\u00f3n en Colonia Ind\u00edgena (departamento San Javier) cuando el imputado los persigui\u00f3 y los atac\u00f3\u201d, inform\u00f3 el fiscal.<\/p>\n<p class=\"m_4832152932015903784western\" align=\"left\">\u201cApareci\u00f3 frente a la pareja con la cara tapada y con un arma de fuego en su poder. Adem\u00e1s, les sustrajo los tel\u00e9fonos celulares\u201d, precis\u00f3 Cecchini. Tambi\u00e9n relat\u00f3 que \u201clos gole\u00f3 y los oblig\u00f3 a entrar a un terreno bald\u00edo en donde abus\u00f3 sexualmente de la joven\u201d.<\/p>\n<p class=\"m_4832152932015903784western\" align=\"left\">\u201cFinalmente, el imputado fue aprehendido por propias las v\u00edctimas y por sus familiares, que llegaron al lugar debido a los gritos de auxilio que escucharon los vecinos del barrio\u201d, concluy\u00f3 el funcionario del MPA.<\/p>\n","protected":false},"excerpt":{"rendered":"<p>El hombre investigado tiene 31 a\u00f1os y sus iniciales son JJV. El fiscal le atribuy\u00f3 la autor\u00eda de delitos contra la integridad sexual; lesiones; tentativa de robo; y portaci\u00f3n ileg\u00edtima de arma&#46;&#46;&#46;<\/p>\n","protected":false},"author":1,"featured_media":3724,"comment_status":"closed","ping_status":"open","sticky":false,"template":"","format":"standard","meta":[],"categories":[5,11],"tags":[],"_links":{"self":[{"href":"https:\/\/www.revistarescatados.com.ar\/web\/wp-json\/wp\/v2\/posts\/4028"}],"collection":[{"href":"https:\/\/www.revistarescatados.com.ar\/web\/wp-json\/wp\/v2\/posts"}],"about":[{"href":"https:\/\/www.revistarescatados.com.ar\/web\/wp-json\/wp\/v2\/types\/post"}],"author":[{"embeddable":true,"href":"https:\/\/www.revistarescatados.com.ar\/web\/wp-json\/wp\/v2\/users\/1"}],"replies":[{"embeddable":true,"href":"https:\/\/www.revistarescatados.com.ar\/web\/wp-json\/wp\/v2\/comments?post=4028"}],"version-history":[{"count":1,"href":"https:\/\/www.revistarescatados.com.ar\/web\/wp-json\/wp\/v2\/posts\/4028\/revisions"}],"predecessor-version":[{"id":4029,"href":"https:\/\/www.revistarescatados.com.ar\/web\/wp-json\/wp\/v2\/posts\/4028\/revisions\/4029"}],"wp:featuredmedia":[{"embeddable":true,"href":"https:\/\/www.revistarescatados.com.ar\/web\/wp-json\/wp\/v2\/media\/3724"}],"wp:attachment":[{"href":"https:\/\/www.revistarescatados.com.ar\/web\/wp-json\/wp\/v2\/media?parent=4028"}],"wp:term":[{"taxonomy":"category","embeddable":true,"href":"https:\/\/www.revistarescatados.com.ar\/web\/wp-json\/wp\/v2\/categories?post=4028"},{"taxonomy":"post_tag","embeddable":true,"href":"https:\/\/www.revistarescatados.com.ar\/web\/wp-json\/wp\/v2\/tags?post=4028"}],"curies":[{"name":"wp","href":"https:\/\/api.w.org\/{rel}","templated":true}]}}