{"id":4030,"date":"2019-03-07T19:07:44","date_gmt":"2019-03-07T22:07:44","guid":{"rendered":"http:\/\/www.revistarescatados.com.ar\/web\/?p=4030"},"modified":"2019-03-07T19:07:44","modified_gmt":"2019-03-07T22:07:44","slug":"siguen-creciendo-los-casos-de-dengue-en-la-provincia","status":"publish","type":"post","link":"https:\/\/www.revistarescatados.com.ar\/web\/2019\/03\/07\/siguen-creciendo-los-casos-de-dengue-en-la-provincia\/","title":{"rendered":"Siguen creciendo los casos de dengue en la provincia"},"content":{"rendered":"<p><img loading=\"lazy\" class=\"aligncenter  wp-image-3662\" src=\"http:\/\/www.revistarescatados.com.ar\/web\/wp-content\/uploads\/2019\/02\/contra-el-dengue.jpg\" alt=\"\" width=\"756\" height=\"505\" srcset=\"https:\/\/www.revistarescatados.com.ar\/web\/wp-content\/uploads\/2019\/02\/contra-el-dengue.jpg 500w, https:\/\/www.revistarescatados.com.ar\/web\/wp-content\/uploads\/2019\/02\/contra-el-dengue-300x200.jpg 300w\" sizes=\"(max-width: 756px) 100vw, 756px\" \/><\/p>\n<p><span style=\"color: #0000ff;\"><strong>El Ministerio de Salud inform\u00f3 la situaci\u00f3n actual de s\u00edndromes febriles correspondientes a enfermedades reemergentes. Se detectaron un total de 115 casos confirmados en toda la provincia, 67 de los cuales pertenecen a la ciudad de Santa Fe.\u00a0<\/strong><\/span><\/p>\n<p>El Ministerio de Salud, a trav\u00e9s de la direcci\u00f3n Provincial de Promoci\u00f3n y Prevenci\u00f3n de la Salud, inform\u00f3 sobre la situaci\u00f3n actual del estudio de los s\u00edndromes febriles del corriente a\u00f1o, incluyendo dengue, hantavirus y leptospirosis, con datos actualizados al 7 de marzo.<br \/>\n&lt;&lt; Dengue: a partir del primer caso de dengue confirmado en la provincia Santa Fe, el 17 de enero, a la fecha se detectaron un total de 115 casos confirmados en toda la provincia, 67 de los cuales pertenecen a la ciudad de Santa Fe. Solo uno de los casos presenta antecedentes de viaje, siendo los dem\u00e1s aut\u00f3ctonos, vinculados con el caso \u00edndice.<\/p>\n<p>Otros 43 casos se registraron en la ciudad de Rosario, de los cuales dos tienen antecedentes de viaje. Se observan tambi\u00e9n un caso en las siguientes localidades: Avellaneda, Humberto Primo, Rold\u00e1n, Romang y Villa Gobernador Galvez todos con antecedentes de viaje.<\/p>\n<p>En todas las localidades, los casos refieren a las b\u00fasquedas activas en los barrios en los que se ha hallado alg\u00fan caso y se contin\u00faa trabajando tomando las medidas de bloqueo y prevenci\u00f3n con el fin de evitar la propagaci\u00f3n de la enfermedad.<\/p>\n<p>&lt;&lt; Hantavirus: tras el caso de hantavirus en la ciudad de Esperanza, no se han detectados m\u00e1s casos positivos a la fecha.<\/p>\n<p>&lt;&lt; Leptospirosis: se informan nueve casos en total en toda la provincia.<\/p>\n","protected":false},"excerpt":{"rendered":"<p>El Ministerio de Salud inform\u00f3 la situaci\u00f3n actual de s\u00edndromes febriles correspondientes a enfermedades reemergentes. Se detectaron un total de 115 casos confirmados en toda la provincia, 67 de los cuales pertenecen&#46;&#46;&#46;<\/p>\n","protected":false},"author":1,"featured_media":3662,"comment_status":"closed","ping_status":"open","sticky":false,"template":"","format":"standard","meta":[],"categories":[12,9,8],"tags":[],"_links":{"self":[{"href":"https:\/\/www.revistarescatados.com.ar\/web\/wp-json\/wp\/v2\/posts\/4030"}],"collection":[{"href":"https:\/\/www.revistarescatados.com.ar\/web\/wp-json\/wp\/v2\/posts"}],"about":[{"href":"https:\/\/www.revistarescatados.com.ar\/web\/wp-json\/wp\/v2\/types\/post"}],"author":[{"embeddable":true,"href":"https:\/\/www.revistarescatados.com.ar\/web\/wp-json\/wp\/v2\/users\/1"}],"replies":[{"embeddable":true,"href":"https:\/\/www.revistarescatados.com.ar\/web\/wp-json\/wp\/v2\/comments?post=4030"}],"version-history":[{"count":1,"href":"https:\/\/www.revistarescatados.com.ar\/web\/wp-json\/wp\/v2\/posts\/4030\/revisions"}],"predecessor-version":[{"id":4031,"href":"https:\/\/www.revistarescatados.com.ar\/web\/wp-json\/wp\/v2\/posts\/4030\/revisions\/4031"}],"wp:featuredmedia":[{"embeddable":true,"href":"https:\/\/www.revistarescatados.com.ar\/web\/wp-json\/wp\/v2\/media\/3662"}],"wp:attachment":[{"href":"https:\/\/www.revistarescatados.com.ar\/web\/wp-json\/wp\/v2\/media?parent=4030"}],"wp:term":[{"taxonomy":"category","embeddable":true,"href":"https:\/\/www.revistarescatados.com.ar\/web\/wp-json\/wp\/v2\/categories?post=4030"},{"taxonomy":"post_tag","embeddable":true,"href":"https:\/\/www.revistarescatados.com.ar\/web\/wp-json\/wp\/v2\/tags?post=4030"}],"curies":[{"name":"wp","href":"https:\/\/api.w.org\/{rel}","templated":true}]}}