{"id":4034,"date":"2019-03-07T23:52:41","date_gmt":"2019-03-08T02:52:41","guid":{"rendered":"http:\/\/www.revistarescatados.com.ar\/web\/?p=4034"},"modified":"2019-03-08T00:00:35","modified_gmt":"2019-03-08T03:00:35","slug":"el-municipio-de-calchaqui-reconocio-el-campeonato-logrado-por-un-seleccionado-juvenil-de-futbol","status":"publish","type":"post","link":"https:\/\/www.revistarescatados.com.ar\/web\/2019\/03\/07\/el-municipio-de-calchaqui-reconocio-el-campeonato-logrado-por-un-seleccionado-juvenil-de-futbol\/","title":{"rendered":"El municipio de Calchaqu\u00ed reconoci\u00f3 el campeonato logrado por un seleccionado juvenil de f\u00fatbol"},"content":{"rendered":"<p><img loading=\"lazy\" class=\"aligncenter size-full wp-image-4036\" src=\"http:\/\/www.revistarescatados.com.ar\/web\/wp-content\/uploads\/2019\/03\/Reconocimiento.jpg\" alt=\"\" width=\"1324\" height=\"922\" srcset=\"https:\/\/www.revistarescatados.com.ar\/web\/wp-content\/uploads\/2019\/03\/Reconocimiento.jpg 1324w, https:\/\/www.revistarescatados.com.ar\/web\/wp-content\/uploads\/2019\/03\/Reconocimiento-300x209.jpg 300w, https:\/\/www.revistarescatados.com.ar\/web\/wp-content\/uploads\/2019\/03\/Reconocimiento-768x535.jpg 768w, https:\/\/www.revistarescatados.com.ar\/web\/wp-content\/uploads\/2019\/03\/Reconocimiento-1024x713.jpg 1024w\" sizes=\"(max-width: 1324px) 100vw, 1324px\" \/><\/p>\n<p><span style=\"color: #0000ff;\"><strong>Mediante el \u00c1rea de Deportes se destac\u00f3 el logro deportivo del combinado de la categor\u00eda 2003. El intendente se comprometi\u00f3 en gestionar una indumentaria propia con los colores de la bandera y escudo de la ciudad.<\/strong><\/span><\/p>\n<p>En el sal\u00f3n de prensa, en la noche de este jueves 7 de marzo, se llev\u00f3 a cabo un reconocimiento al equipo juvenil sub16, integrado por jugadores de clubes locales como tambi\u00e9n de otras localidades de la regi\u00f3n, que gan\u00f3 la Copa de Oro en el 11\u00ba Torneo Internacional de Futbol disputado el pasado fin de semana en la ciudad de Recreo.<\/p>\n<p>El intendente Rub\u00e9n Cuello \u2013 acompa\u00f1ado por los coordinadores del Area de Deportes Municipal Waldemar Cardonatti y Hern\u00e1n L\u00f3pez\u2013 felicit\u00f3 al grupo de chicos, a los entrenadores Jos\u00e9 Aquino y Andr\u00e9s Sosa y a los familiares que acompa\u00f1aron a la delegaci\u00f3n. Asimismo se comprometi\u00f3 a gestionar la indumentaria propia del seleccionado con los colores de la bandera y escudo de la ciudad.<\/p>\n<p><img loading=\"lazy\" class=\"aligncenter size-full wp-image-4035\" src=\"http:\/\/www.revistarescatados.com.ar\/web\/wp-content\/uploads\/2019\/03\/Reconocimiento-1.jpg\" alt=\"\" width=\"1382\" height=\"728\" srcset=\"https:\/\/www.revistarescatados.com.ar\/web\/wp-content\/uploads\/2019\/03\/Reconocimiento-1.jpg 1382w, https:\/\/www.revistarescatados.com.ar\/web\/wp-content\/uploads\/2019\/03\/Reconocimiento-1-300x158.jpg 300w, https:\/\/www.revistarescatados.com.ar\/web\/wp-content\/uploads\/2019\/03\/Reconocimiento-1-768x405.jpg 768w, https:\/\/www.revistarescatados.com.ar\/web\/wp-content\/uploads\/2019\/03\/Reconocimiento-1-1024x539.jpg 1024w\" sizes=\"(max-width: 1382px) 100vw, 1382px\" \/><\/p>\n<p>Los entrenadores destacaron el buen comportamiento de los adolescentes, tanto dentro como fuera de la cancha, al tiempo que valoraron la convocatoria de 8 jugadores a una prueba del Club Uni\u00f3n de Santa Fe, tras el torneo.<\/p>\n<p>Finalmente, el representativo de la ciudad hizo entrega al municipio del trofeo obtenido en el torneo como tambi\u00e9n agradecieron el apoyo recibido desde el \u00c1rea de Deportes.<\/p>\n","protected":false},"excerpt":{"rendered":"<p>Mediante el \u00c1rea de Deportes se destac\u00f3 el logro deportivo del combinado de la categor\u00eda 2003. El intendente se comprometi\u00f3 en gestionar una indumentaria propia con los colores de la bandera y&#46;&#46;&#46;<\/p>\n","protected":false},"author":1,"featured_media":4035,"comment_status":"closed","ping_status":"open","sticky":false,"template":"","format":"standard","meta":[],"categories":[2,3,17,16],"tags":[],"_links":{"self":[{"href":"https:\/\/www.revistarescatados.com.ar\/web\/wp-json\/wp\/v2\/posts\/4034"}],"collection":[{"href":"https:\/\/www.revistarescatados.com.ar\/web\/wp-json\/wp\/v2\/posts"}],"about":[{"href":"https:\/\/www.revistarescatados.com.ar\/web\/wp-json\/wp\/v2\/types\/post"}],"author":[{"embeddable":true,"href":"https:\/\/www.revistarescatados.com.ar\/web\/wp-json\/wp\/v2\/users\/1"}],"replies":[{"embeddable":true,"href":"https:\/\/www.revistarescatados.com.ar\/web\/wp-json\/wp\/v2\/comments?post=4034"}],"version-history":[{"count":3,"href":"https:\/\/www.revistarescatados.com.ar\/web\/wp-json\/wp\/v2\/posts\/4034\/revisions"}],"predecessor-version":[{"id":4039,"href":"https:\/\/www.revistarescatados.com.ar\/web\/wp-json\/wp\/v2\/posts\/4034\/revisions\/4039"}],"wp:featuredmedia":[{"embeddable":true,"href":"https:\/\/www.revistarescatados.com.ar\/web\/wp-json\/wp\/v2\/media\/4035"}],"wp:attachment":[{"href":"https:\/\/www.revistarescatados.com.ar\/web\/wp-json\/wp\/v2\/media?parent=4034"}],"wp:term":[{"taxonomy":"category","embeddable":true,"href":"https:\/\/www.revistarescatados.com.ar\/web\/wp-json\/wp\/v2\/categories?post=4034"},{"taxonomy":"post_tag","embeddable":true,"href":"https:\/\/www.revistarescatados.com.ar\/web\/wp-json\/wp\/v2\/tags?post=4034"}],"curies":[{"name":"wp","href":"https:\/\/api.w.org\/{rel}","templated":true}]}}