{"id":4201,"date":"2019-03-20T19:25:16","date_gmt":"2019-03-20T22:25:16","guid":{"rendered":"http:\/\/www.revistarescatados.com.ar\/web\/?p=4201"},"modified":"2019-03-20T19:28:34","modified_gmt":"2019-03-20T22:28:34","slug":"juan-bautista-segonds-disertara-en-calchaqui","status":"publish","type":"post","link":"https:\/\/www.revistarescatados.com.ar\/web\/2019\/03\/20\/juan-bautista-segonds-disertara-en-calchaqui\/","title":{"rendered":"Juan Bautista Segonds disertar\u00e1 en Calchaqu\u00ed"},"content":{"rendered":"<p><img loading=\"lazy\" class=\"aligncenter size-full wp-image-4202\" src=\"http:\/\/www.revistarescatados.com.ar\/web\/wp-content\/uploads\/2019\/03\/Segonds-en-Calchaqui.jpeg\" alt=\"\" width=\"911\" height=\"1280\" srcset=\"https:\/\/www.revistarescatados.com.ar\/web\/wp-content\/uploads\/2019\/03\/Segonds-en-Calchaqui.jpeg 911w, https:\/\/www.revistarescatados.com.ar\/web\/wp-content\/uploads\/2019\/03\/Segonds-en-Calchaqui-214x300.jpeg 214w, https:\/\/www.revistarescatados.com.ar\/web\/wp-content\/uploads\/2019\/03\/Segonds-en-Calchaqui-768x1079.jpeg 768w, https:\/\/www.revistarescatados.com.ar\/web\/wp-content\/uploads\/2019\/03\/Segonds-en-Calchaqui-729x1024.jpeg 729w\" sizes=\"(max-width: 911px) 100vw, 911px\" \/><\/p>\n<p><span style=\"color: #0000ff;\"><strong>El fundador de Rugby Sin Fronteras y coach motivacional del equipo argentino campe\u00f3n de la Copa Davis, llegar\u00e1 a la ciudad de Calchaqu\u00ed para dar una charla sobre c\u00f3mo lograr el cambio de actitud en las personas y un proceso introspectivo para pasar de ser v\u00edctimas a protagonistas.<\/strong><\/span><\/p>\n<p>\u201cDesde el Plan del Norte llevamos adelante grandes obras de infraestructura y tambi\u00e9n programas educativos, sociales, culturales, que est\u00e1n produciendo grandes transformaciones en Vera, 9 de Julio y General Obligado. Pero tambi\u00e9n queremos dotar a los habitantes de estos departamentos de otras herramientas vinculadas al emprendedurismo, la iniciativa, la creatividad y la innovaci\u00f3n\u201d, comenz\u00f3 diciendo Sergio Rojas.<\/p>\n<p>El coordinador del Plan del Norte explic\u00f3 que \u201cen nuestro norte provincial siempre hemos tenido el r\u00f3tulo de regi\u00f3n olvidada y postergada, y esta perspectiva si bien tiene un fundamento hist\u00f3rico, con datos que lo respaldan, tambi\u00e9n nos plantea un componente simb\u00f3lico. Queremos continuar trabajando en pos del desarrollo integral de nuestro norte, no s\u00f3lo a trav\u00e9s de pol\u00edticas estructurales de gobierno, sino adem\u00e1s haciendo uso de otras estrategias. En esa l\u00ednea, se enmarca este ciclo de conferencias denominadas \u2018Un norte en com\u00fan\u2019 que iniciamos en 2018 y en abril retomaremos\u201d.<\/p>\n<p>Por su parte, el disertante Juan Bautista Segonds indic\u00f3 que compartir\u00e1 \u201cuna experiencia que me permite explotar de felicidad todos los d\u00edas de mi vida y vivir pleno, en el mismo espacio f\u00edsico donde antes la pasaba mal. Esto tuvo que ver con un cambio en mis actitudes y respuestas que est\u00e1n de la piel para adentro. Voy a hablar, adem\u00e1s, de mi paso como coach motivacional del equipo que gan\u00f3 la Copa Davis por primera vez en la historia\u2026 Y, b\u00e1sicamente, de mi trayectoria como ciudadano que, siendo empresario, me fund\u00ed tres veces en mi querido pa\u00eds, y c\u00f3mo he podido resignificar lo que hago y haber descubierto mi prop\u00f3sito en la vida, con esta actitud que le pongo todos d\u00edas a lo que nos toca, porque a veces lo que nos pasa no lo elegimos y tenemos que ver qu\u00e9 haremos con eso\u201d.<\/p>\n<p><span style=\"color: #0000ff;\"><strong>CALENDARIO<\/strong><\/span><\/p>\n<p>El coach Juan Bautista Segonds plantear\u00e1 una nueva visi\u00f3n de c\u00f3mo transformar grupos en equipos, generando un cambio de actitud en las personas y un proceso introspectivo para pasar de ser v\u00edctimas a protagonistas, en nuestra propia vida y como agentes de cambio social.<\/p>\n<p>La conferencia titulada \u201cS\u00f3lo cambi\u00e9 mi actitud y todo cambi\u00f3\u201d se desarrollar\u00e1 el 1 de abril a las 19 horas en el Gimnasio del Centro Recreativo, ubicado en la intersecci\u00f3n de calles San Mart\u00edn y Tucum\u00e1n de Calchaqu\u00ed. La entrada es libre y gratuita.<\/p>\n<p>El evento cuenta con el financiamiento del Consejo Federal de Inversiones, y el apoyo de los clubes Calchaqu\u00ed Football Club, Club Vecinalista Carlos Gardel y Centro Recreativo Calchaqu\u00ed.<\/p>\n<p>El ciclo de conferencias \u201cUn norte en com\u00fan\u201d inici\u00f3 como programa del Plan del Norte del Gobierno de Santa Fe en 2018, bajo el lema \u201cIdeas innovadoras para el arraigo y el desarrollo\u201d, mientras que en 2019 ser\u00e1 titulado \u201cMiradas que crean\u201d.<\/p>\n","protected":false},"excerpt":{"rendered":"<p>El fundador de Rugby Sin Fronteras y coach motivacional del equipo argentino campe\u00f3n de la Copa Davis, llegar\u00e1 a la ciudad de Calchaqu\u00ed para dar una charla sobre c\u00f3mo lograr el cambio&#46;&#46;&#46;<\/p>\n","protected":false},"author":1,"featured_media":4202,"comment_status":"closed","ping_status":"open","sticky":false,"template":"","format":"standard","meta":[],"categories":[2,3,17,16],"tags":[],"_links":{"self":[{"href":"https:\/\/www.revistarescatados.com.ar\/web\/wp-json\/wp\/v2\/posts\/4201"}],"collection":[{"href":"https:\/\/www.revistarescatados.com.ar\/web\/wp-json\/wp\/v2\/posts"}],"about":[{"href":"https:\/\/www.revistarescatados.com.ar\/web\/wp-json\/wp\/v2\/types\/post"}],"author":[{"embeddable":true,"href":"https:\/\/www.revistarescatados.com.ar\/web\/wp-json\/wp\/v2\/users\/1"}],"replies":[{"embeddable":true,"href":"https:\/\/www.revistarescatados.com.ar\/web\/wp-json\/wp\/v2\/comments?post=4201"}],"version-history":[{"count":2,"href":"https:\/\/www.revistarescatados.com.ar\/web\/wp-json\/wp\/v2\/posts\/4201\/revisions"}],"predecessor-version":[{"id":4204,"href":"https:\/\/www.revistarescatados.com.ar\/web\/wp-json\/wp\/v2\/posts\/4201\/revisions\/4204"}],"wp:featuredmedia":[{"embeddable":true,"href":"https:\/\/www.revistarescatados.com.ar\/web\/wp-json\/wp\/v2\/media\/4202"}],"wp:attachment":[{"href":"https:\/\/www.revistarescatados.com.ar\/web\/wp-json\/wp\/v2\/media?parent=4201"}],"wp:term":[{"taxonomy":"category","embeddable":true,"href":"https:\/\/www.revistarescatados.com.ar\/web\/wp-json\/wp\/v2\/categories?post=4201"},{"taxonomy":"post_tag","embeddable":true,"href":"https:\/\/www.revistarescatados.com.ar\/web\/wp-json\/wp\/v2\/tags?post=4201"}],"curies":[{"name":"wp","href":"https:\/\/api.w.org\/{rel}","templated":true}]}}