{"id":4208,"date":"2019-03-22T13:50:47","date_gmt":"2019-03-22T16:50:47","guid":{"rendered":"http:\/\/www.revistarescatados.com.ar\/web\/?p=4208"},"modified":"2019-03-22T13:50:47","modified_gmt":"2019-03-22T16:50:47","slug":"chiqui-rojas-y-referentes-sociales-trabajaron-en-propuestas-de-cara-a-las-elecciones","status":"publish","type":"post","link":"https:\/\/www.revistarescatados.com.ar\/web\/2019\/03\/22\/chiqui-rojas-y-referentes-sociales-trabajaron-en-propuestas-de-cara-a-las-elecciones\/","title":{"rendered":"Chiqui Rojas y referentes sociales trabajaron en propuestas de cara a las elecciones"},"content":{"rendered":"<p><img loading=\"lazy\" class=\"aligncenter size-full wp-image-4209\" src=\"http:\/\/www.revistarescatados.com.ar\/web\/wp-content\/uploads\/2019\/03\/Referentes-1.jpg\" alt=\"\" width=\"1280\" height=\"853\" srcset=\"https:\/\/www.revistarescatados.com.ar\/web\/wp-content\/uploads\/2019\/03\/Referentes-1.jpg 1280w, https:\/\/www.revistarescatados.com.ar\/web\/wp-content\/uploads\/2019\/03\/Referentes-1-300x200.jpg 300w, https:\/\/www.revistarescatados.com.ar\/web\/wp-content\/uploads\/2019\/03\/Referentes-1-768x512.jpg 768w, https:\/\/www.revistarescatados.com.ar\/web\/wp-content\/uploads\/2019\/03\/Referentes-1-1024x682.jpg 1024w\" sizes=\"(max-width: 1280px) 100vw, 1280px\" \/><\/p>\n<p><span style=\"color: #0000ff;\"><strong>El pre-candidato a senador, Sergio \u201cChiqui\u201d Rojas, junto a los pre-candidatos a intendente, Enrique Furlani, y a concejal, Daniel Mart\u00edn, convocaron a m\u00e1s de 30 personas de la sociedad civil, para avanzar sobre una plataforma integral de propuestas.<\/strong><\/span><\/p>\n<p>\u201cInvitamos a referentes locales para discutir conjuntamente con ellos las prioridades a nivel ciudad y departamento Vera. De esta manera, se acercaron vecinos y vecinas con experiencia y trayectoria en diversas \u00e1reas vinculadas a la educaci\u00f3n, la salud, la infraestructura, la seguridad, la producci\u00f3n, la cultura, la discapacidad, el comercio, la ni\u00f1ez, adolescencia y juventud, entre otras\u201d, comenz\u00f3 argumentando Rojas.<\/p>\n<p>El mandatario hizo hincapi\u00e9 \u201cen el espacio abierto que tenemos, porque quer\u00edamos enriquecernos con los conocimientos y puntos de vista de personas de la sociedad civil que tienen herramientas concretas para un proyecto de futuro, que rescate todo aquello que actualmente se est\u00e1 haciendo bien y, fundamentalmente, aporte su mirada para introducir cambios innovadores e integrales en la ciudad y el departamento\u201d.<\/p>\n<p>En esa direcci\u00f3n, Chiqui Rojas resalt\u00f3 \u201cla predisposici\u00f3n que todos tuvieron para venir a debatir colectivamente, a potenciar nuestras propuestas y elaborar otras nuevas, que ser\u00e1n clave para contarles a los habitantes de qu\u00e9 manera nosotros queremos mejorar su calidad de vida. No es habitual que tantas personas se sumen a contribuir a un proyecto pol\u00edtico si no forman parte de un partido, es por eso que rescatamos el gesto y la colaboraci\u00f3n. Las instancias de participaci\u00f3n ciudadana son importantes en el Frente Progresista y esto lo demuestra, con los ciudadanos como protagonistas, porque si hay algo que nos caracteriza, eso es el poder de la escucha y nuestra capacidad para nutrirnos de las opiniones de todos\u201d.<\/p>\n","protected":false},"excerpt":{"rendered":"<p>El pre-candidato a senador, Sergio \u201cChiqui\u201d Rojas, junto a los pre-candidatos a intendente, Enrique Furlani, y a concejal, Daniel Mart\u00edn, convocaron a m\u00e1s de 30 personas de la sociedad civil, para avanzar&#46;&#46;&#46;<\/p>\n","protected":false},"author":1,"featured_media":4209,"comment_status":"closed","ping_status":"open","sticky":false,"template":"","format":"standard","meta":[],"categories":[3,13],"tags":[],"_links":{"self":[{"href":"https:\/\/www.revistarescatados.com.ar\/web\/wp-json\/wp\/v2\/posts\/4208"}],"collection":[{"href":"https:\/\/www.revistarescatados.com.ar\/web\/wp-json\/wp\/v2\/posts"}],"about":[{"href":"https:\/\/www.revistarescatados.com.ar\/web\/wp-json\/wp\/v2\/types\/post"}],"author":[{"embeddable":true,"href":"https:\/\/www.revistarescatados.com.ar\/web\/wp-json\/wp\/v2\/users\/1"}],"replies":[{"embeddable":true,"href":"https:\/\/www.revistarescatados.com.ar\/web\/wp-json\/wp\/v2\/comments?post=4208"}],"version-history":[{"count":1,"href":"https:\/\/www.revistarescatados.com.ar\/web\/wp-json\/wp\/v2\/posts\/4208\/revisions"}],"predecessor-version":[{"id":4210,"href":"https:\/\/www.revistarescatados.com.ar\/web\/wp-json\/wp\/v2\/posts\/4208\/revisions\/4210"}],"wp:featuredmedia":[{"embeddable":true,"href":"https:\/\/www.revistarescatados.com.ar\/web\/wp-json\/wp\/v2\/media\/4209"}],"wp:attachment":[{"href":"https:\/\/www.revistarescatados.com.ar\/web\/wp-json\/wp\/v2\/media?parent=4208"}],"wp:term":[{"taxonomy":"category","embeddable":true,"href":"https:\/\/www.revistarescatados.com.ar\/web\/wp-json\/wp\/v2\/categories?post=4208"},{"taxonomy":"post_tag","embeddable":true,"href":"https:\/\/www.revistarescatados.com.ar\/web\/wp-json\/wp\/v2\/tags?post=4208"}],"curies":[{"name":"wp","href":"https:\/\/api.w.org\/{rel}","templated":true}]}}