{"id":4267,"date":"2019-03-26T14:40:16","date_gmt":"2019-03-26T17:40:16","guid":{"rendered":"http:\/\/www.revistarescatados.com.ar\/web\/?p=4267"},"modified":"2019-03-26T14:40:16","modified_gmt":"2019-03-26T17:40:16","slug":"la-provincia-abre-la-inscripcion-para-becas-estimulo-destinadas-a-estudiantes-indigenas-del-nivel-superior","status":"publish","type":"post","link":"https:\/\/www.revistarescatados.com.ar\/web\/2019\/03\/26\/la-provincia-abre-la-inscripcion-para-becas-estimulo-destinadas-a-estudiantes-indigenas-del-nivel-superior\/","title":{"rendered":"La provincia abre la inscripci\u00f3n para becas est\u00edmulo destinadas a estudiantes ind\u00edgenas del nivel superior"},"content":{"rendered":"<p><img loading=\"lazy\" class=\"aligncenter size-full wp-image-1968\" src=\"http:\/\/www.revistarescatados.com.ar\/web\/wp-content\/uploads\/2018\/09\/concurso-docente.jpg\" alt=\"\" width=\"1920\" height=\"1080\" srcset=\"https:\/\/www.revistarescatados.com.ar\/web\/wp-content\/uploads\/2018\/09\/concurso-docente.jpg 1920w, https:\/\/www.revistarescatados.com.ar\/web\/wp-content\/uploads\/2018\/09\/concurso-docente-300x169.jpg 300w, https:\/\/www.revistarescatados.com.ar\/web\/wp-content\/uploads\/2018\/09\/concurso-docente-768x432.jpg 768w, https:\/\/www.revistarescatados.com.ar\/web\/wp-content\/uploads\/2018\/09\/concurso-docente-1024x576.jpg 1024w\" sizes=\"(max-width: 1920px) 100vw, 1920px\" \/><\/p>\n<p><span style=\"color: #0000ff;\"><strong>Hasta el 15 de abril se reciben postulaciones en el Instituto Provincial de Abor\u00edgenes Santafesinos (IPAS), para estudiantes que cursan carreras en institutos terciarios y universidades.<\/strong><\/span><\/p>\n<p>El ministerio de Desarrollo Social, a trav\u00e9s del Instituto Provincial de Abor\u00edgenes Santafesinos (IPAS), informa que hasta el 15 de abril se reciben inscripciones para becas de est\u00edmulo para promoci\u00f3n de la igualdad educativa de estudiantes ind\u00edgenas de nivel superior.<br \/>\n\u201cEsta iniciativa se enmarca en las pol\u00edticas de visibilizaci\u00f3n y promoci\u00f3n de la interculturalidad de los pueblos originarios que lleva adelante el gobierno de la provincia de Santa Fe\u201d, afirm\u00f3 el ministro de Desarrollo Social, Jorge Alvarez.<\/p>\n<p>\u201cDesde el Instituto Provincial de Abor\u00edgenes Santafesinos (IPAS) y el programa de becas, impulsamos la formaci\u00f3n profesional entre los estudiantes de pueblos originarios bajo la premisa de promover igualdad de oportunidades, reducir las brechas que inciden en el acceso real a derechos y modificando situaciones de desigualdad\u201d, agreg\u00f3.<\/p>\n<p>Por su parte la coordinadora del IPAS, Ivana Camoletto, afirm\u00f3 que \u201cdesde el a\u00f1o 2016 implementamos el Programa de Becas para Estudiantes Ind\u00edgenas de Nivel Superior. Nos resulta muy auspicio el escenario de la convocatoria ya que, considerando los datos recopilados, advertimos que a\u00f1o a a\u00f1o se suman m\u00e1s j\u00f3venes.<\/p>\n<p>\u201cEsta iniciativa se enlaza a otras como la creaci\u00f3n de la l\u00ednea de becas de inclusi\u00f3n socio-educativa, destinada a estudiantes secundarios de Pueblos Ind\u00edgenas que se implementa desde el a\u00f1o 2014, promoviendo la igualdad de derechos y valorando la diversidad cultural\u201d.<\/p>\n<p><strong><span style=\"color: #0000ff;\">INSCRIPCI\u00d3N<\/span><\/strong><br \/>\nSe completa de lunes a viernes de 8 a 12 horas en el Instituto Provincial de Abor\u00edgenes Santafesinos (IPAS), Salta 3211 de la ciudad de Santa Fe, y Zeballos 1795 de la ciudad de Rosario. Tambi\u00e9n se reciben inscripciones al correo electr\u00f3nico ipas@santafe.gov.ar y al tel\u00e9fono 0342 4589415.<\/p>\n<p><span style=\"color: #0000ff;\"><strong>BECAS<\/strong><\/span><br \/>\nEst\u00e1n destinadas a personas ind\u00edgenas nativas de la Rep\u00fablica Argentina, domiciliadas en la provincia de Santa Fe, pertenecientes a comunidades ind\u00edgenas inscriptas en el registro Registro Especial de Comunidades Abor\u00edgenes (RECA), que est\u00e9n cursando una carrera terciaria o universitaria, con una duraci\u00f3n no menor a tres a\u00f1os.<\/p>\n<p>Consiste en una asignaci\u00f3n est\u00edmulo de car\u00e1cter econ\u00f3mica a la que se acoplan pol\u00edticas complementarias del Estado provincial con el fin de promover el acceso y permanencia de los j\u00f3venes pertenecientes a pueblos originarios en las instituciones educativas de nivel terciario y universitario.<\/p>\n<p><span style=\"color: #0000ff;\"><strong>EL PROGRAMA EN N\u00daMEROS<\/strong><\/span><br \/>\n&gt;&gt; En 2016, en la primera convocatoria, se inscribieron 33 estudiantes, lo que implic\u00f3 una inversi\u00f3n de $ 132.000<\/p>\n<p>&gt;&gt; En 2017 fueron 52 los destinatarios de las becas, con una inversi\u00f3n de $ 260.000.<\/p>\n<p>&gt;&gt; En 2018, 80 j\u00f3venes participaron del programa con una inversi\u00f3n cercana a los $ 400.000.<\/p>\n","protected":false},"excerpt":{"rendered":"<p>Hasta el 15 de abril se reciben postulaciones en el Instituto Provincial de Abor\u00edgenes Santafesinos (IPAS), para estudiantes que cursan carreras en institutos terciarios y universidades. El ministerio de Desarrollo Social, a&#46;&#46;&#46;<\/p>\n","protected":false},"author":1,"featured_media":1968,"comment_status":"closed","ping_status":"open","sticky":false,"template":"","format":"standard","meta":[],"categories":[10,12,8],"tags":[],"_links":{"self":[{"href":"https:\/\/www.revistarescatados.com.ar\/web\/wp-json\/wp\/v2\/posts\/4267"}],"collection":[{"href":"https:\/\/www.revistarescatados.com.ar\/web\/wp-json\/wp\/v2\/posts"}],"about":[{"href":"https:\/\/www.revistarescatados.com.ar\/web\/wp-json\/wp\/v2\/types\/post"}],"author":[{"embeddable":true,"href":"https:\/\/www.revistarescatados.com.ar\/web\/wp-json\/wp\/v2\/users\/1"}],"replies":[{"embeddable":true,"href":"https:\/\/www.revistarescatados.com.ar\/web\/wp-json\/wp\/v2\/comments?post=4267"}],"version-history":[{"count":1,"href":"https:\/\/www.revistarescatados.com.ar\/web\/wp-json\/wp\/v2\/posts\/4267\/revisions"}],"predecessor-version":[{"id":4268,"href":"https:\/\/www.revistarescatados.com.ar\/web\/wp-json\/wp\/v2\/posts\/4267\/revisions\/4268"}],"wp:featuredmedia":[{"embeddable":true,"href":"https:\/\/www.revistarescatados.com.ar\/web\/wp-json\/wp\/v2\/media\/1968"}],"wp:attachment":[{"href":"https:\/\/www.revistarescatados.com.ar\/web\/wp-json\/wp\/v2\/media?parent=4267"}],"wp:term":[{"taxonomy":"category","embeddable":true,"href":"https:\/\/www.revistarescatados.com.ar\/web\/wp-json\/wp\/v2\/categories?post=4267"},{"taxonomy":"post_tag","embeddable":true,"href":"https:\/\/www.revistarescatados.com.ar\/web\/wp-json\/wp\/v2\/tags?post=4267"}],"curies":[{"name":"wp","href":"https:\/\/api.w.org\/{rel}","templated":true}]}}