{"id":4271,"date":"2019-03-26T19:01:08","date_gmt":"2019-03-26T22:01:08","guid":{"rendered":"http:\/\/www.revistarescatados.com.ar\/web\/?p=4271"},"modified":"2019-03-26T19:01:08","modified_gmt":"2019-03-26T22:01:08","slug":"el-tribunal-electoral-de-la-provincia-comenzo-con-el-armado-de-urnas","status":"publish","type":"post","link":"https:\/\/www.revistarescatados.com.ar\/web\/2019\/03\/26\/el-tribunal-electoral-de-la-provincia-comenzo-con-el-armado-de-urnas\/","title":{"rendered":"El Tribunal Electoral de la provincia comenz\u00f3 con el armado de urnas"},"content":{"rendered":"<p><img loading=\"lazy\" class=\"aligncenter size-full wp-image-4272\" src=\"http:\/\/www.revistarescatados.com.ar\/web\/wp-content\/uploads\/2019\/03\/urnas.jpg\" alt=\"\" width=\"1140\" height=\"640\" srcset=\"https:\/\/www.revistarescatados.com.ar\/web\/wp-content\/uploads\/2019\/03\/urnas.jpg 1140w, https:\/\/www.revistarescatados.com.ar\/web\/wp-content\/uploads\/2019\/03\/urnas-300x168.jpg 300w, https:\/\/www.revistarescatados.com.ar\/web\/wp-content\/uploads\/2019\/03\/urnas-768x431.jpg 768w, https:\/\/www.revistarescatados.com.ar\/web\/wp-content\/uploads\/2019\/03\/urnas-1024x575.jpg 1024w\" sizes=\"(max-width: 1140px) 100vw, 1140px\" \/><br \/>\n<span style=\"color: #0000ff;\"><strong>El Tribunal Electoral de la provincia comenz\u00f3 este mediod\u00eda con el armado de urnas para las pr\u00f3ximas elecciones Primarias, Abiertas, Simult\u00e1neas y Obligatorias (PASO), a realizarse el 28 de abril.\u00a0Se tratan de 8200 urnas que estar\u00e1n terminadas este viernes.<\/strong><\/span><\/p>\n<p>Se tratan de m\u00e1s de 8200 urnas, correspondientes a cinco categor\u00edas, cuatro de ellas en localidades donde no se eligen intendente y las urnas correspondientes a las mesas de electores extranjeros donde solo se eligen autoridades locales y no cargos provinciales.<\/p>\n<p>M\u00e1s de 2.669.000 mil santafesinos y 30 mil extranjeros est\u00e1n habilitados para votar en estas elecciones, donde se renuevan intendentes en 45 municipios, 50 diputados y 19 senadores.<\/p>\n<p>Asimismo, se inform\u00f3 que los primeros d\u00edas de abril estar\u00e1 llegando el correo que va a hacer la distribuci\u00f3n territorial de todas las urnas que se est\u00e1n armando y tambi\u00e9n el env\u00edo de telegrama correspondiente a las autoridades de mesa.<\/p>\n","protected":false},"excerpt":{"rendered":"<p>El Tribunal Electoral de la provincia comenz\u00f3 este mediod\u00eda con el armado de urnas para las pr\u00f3ximas elecciones Primarias, Abiertas, Simult\u00e1neas y Obligatorias (PASO), a realizarse el 28 de abril.\u00a0Se tratan de&#46;&#46;&#46;<\/p>\n","protected":false},"author":1,"featured_media":4272,"comment_status":"closed","ping_status":"open","sticky":false,"template":"","format":"standard","meta":[],"categories":[13,12],"tags":[],"_links":{"self":[{"href":"https:\/\/www.revistarescatados.com.ar\/web\/wp-json\/wp\/v2\/posts\/4271"}],"collection":[{"href":"https:\/\/www.revistarescatados.com.ar\/web\/wp-json\/wp\/v2\/posts"}],"about":[{"href":"https:\/\/www.revistarescatados.com.ar\/web\/wp-json\/wp\/v2\/types\/post"}],"author":[{"embeddable":true,"href":"https:\/\/www.revistarescatados.com.ar\/web\/wp-json\/wp\/v2\/users\/1"}],"replies":[{"embeddable":true,"href":"https:\/\/www.revistarescatados.com.ar\/web\/wp-json\/wp\/v2\/comments?post=4271"}],"version-history":[{"count":1,"href":"https:\/\/www.revistarescatados.com.ar\/web\/wp-json\/wp\/v2\/posts\/4271\/revisions"}],"predecessor-version":[{"id":4273,"href":"https:\/\/www.revistarescatados.com.ar\/web\/wp-json\/wp\/v2\/posts\/4271\/revisions\/4273"}],"wp:featuredmedia":[{"embeddable":true,"href":"https:\/\/www.revistarescatados.com.ar\/web\/wp-json\/wp\/v2\/media\/4272"}],"wp:attachment":[{"href":"https:\/\/www.revistarescatados.com.ar\/web\/wp-json\/wp\/v2\/media?parent=4271"}],"wp:term":[{"taxonomy":"category","embeddable":true,"href":"https:\/\/www.revistarescatados.com.ar\/web\/wp-json\/wp\/v2\/categories?post=4271"},{"taxonomy":"post_tag","embeddable":true,"href":"https:\/\/www.revistarescatados.com.ar\/web\/wp-json\/wp\/v2\/tags?post=4271"}],"curies":[{"name":"wp","href":"https:\/\/api.w.org\/{rel}","templated":true}]}}