{"id":430,"date":"2018-05-09T20:57:05","date_gmt":"2018-05-09T23:57:05","guid":{"rendered":"http:\/\/www.revistarescatados.com.ar\/web\/?p=430"},"modified":"2018-05-09T20:57:05","modified_gmt":"2018-05-09T23:57:05","slug":"plan-del-norte-la-provincia-comenzara-la-pavimentacion-de-la-ruta-36-entre-romang-y-colonia-sager","status":"publish","type":"post","link":"https:\/\/www.revistarescatados.com.ar\/web\/2018\/05\/09\/plan-del-norte-la-provincia-comenzara-la-pavimentacion-de-la-ruta-36-entre-romang-y-colonia-sager\/","title":{"rendered":"Plan Del Norte: La provincia comenzar\u00e1 la pavimentaci\u00f3n de la Ruta 36, entre Romang y Colonia Sager"},"content":{"rendered":"<p><img loading=\"lazy\" class=\"aligncenter size-full wp-image-431\" src=\"http:\/\/www.revistarescatados.com.ar\/web\/wp-content\/uploads\/2018\/05\/Ruta-36.jpg\" alt=\"\" width=\"1920\" height=\"1080\" srcset=\"https:\/\/www.revistarescatados.com.ar\/web\/wp-content\/uploads\/2018\/05\/Ruta-36.jpg 1920w, https:\/\/www.revistarescatados.com.ar\/web\/wp-content\/uploads\/2018\/05\/Ruta-36-300x169.jpg 300w, https:\/\/www.revistarescatados.com.ar\/web\/wp-content\/uploads\/2018\/05\/Ruta-36-768x432.jpg 768w, https:\/\/www.revistarescatados.com.ar\/web\/wp-content\/uploads\/2018\/05\/Ruta-36-1024x576.jpg 1024w\" sizes=\"(max-width: 1920px) 100vw, 1920px\" \/><\/p>\n<p><strong><span style=\"color: #0000ff;\">Los trabajos demandan una inversi\u00f3n provincial superior a los $ 204 millones de pesos. La empresa ganadora de la licitaci\u00f3n brind\u00f3 detalles sobre la obra e inform\u00f3 que incorporar\u00e1 a 50 trabajadores de la regi\u00f3n.\u00a0\u00a0\u00a0\u00a0<\/span>\u00a0\u00a0 <\/strong><\/p>\n<p>En el marco del Plan del Norte, el gobierno provincial realiz\u00f3 este mi\u00e9rcoles en el Sal\u00f3n Cultural de la localidad Romang, la presentaci\u00f3n de la obra de construcci\u00f3n de nuevos pavimentos en la Ruta Provincial 36, en el sector comprendido entre las localidades de Romang y Colonia Sager.<\/p>\n<p>En la oportunidad, tambi\u00e9n se present\u00f3 a la UTE ganadora de la licitaci\u00f3n p\u00fablica, cuyos responsables explicaron c\u00f3mo ser\u00e1 desarrollo de la obra vial y aseguraron que incorporar\u00e1n a 50 personas de la regi\u00f3n para ejecutar trabajos como movimiento de equipos y m\u00e1quinas, entre otros.<\/p>\n<p>Se trata de una obra vial que transformar\u00e1 una ruta de calzada natural en una v\u00eda pavimentada y se encuentra dentro de un plan integral de infraestructura que tiene como objetivo mejorar la conexi\u00f3n y optimizar la transitabilidad para mejorar la seguridad vial.<\/p>\n<p>La obra, que comenzar\u00e1 en los pr\u00f3ximos d\u00edas, comprende la pavimentaci\u00f3n de un tramo de 16 kil\u00f3metros de la Ruta Provincial 36, entre Romang y Colonia Sager. Entre las tareas, que demandan una inversi\u00f3n total de $ 204.492.309, se encuentran la conformaci\u00f3n de una calzada de pavimento de siete metros de ancho, m\u00e1s las banquinas de tres metros de ancho cada una.<\/p>\n<p><span style=\"color: #0000ff;\"><strong>UNA OBRA MUY ESPERADA<\/strong><\/span><\/p>\n<p>Al respecto, el subadminsitrador de la direcci\u00f3n provincial de Vialidad (DPV), Rafael De Pace, indic\u00f3 que se trata de \u201cuna obra hist\u00f3rica, muy anhelada por los vecinos de la regi\u00f3n\u201d. Con respecto a los trabajos, explic\u00f3 que \u201cesta primera etapa consiste en construir nuevos pavimentos a lo largo de 16 kil\u00f3metros, en tanto que para la segunda etapa, estamos esperando que la Legislatura apruebe el proyecto\u201d.<\/p>\n<p>\u201cEstamos ejecutando obras en cada rinc\u00f3n de la provincia de Santa Fe, es un compromiso del gobernador Miguel Lifschitz que triplic\u00f3 el presupuesto para hacer caminos con el fin de estar mejor conectados\u201c, resalt\u00f3 De Pace.<\/p>\n<p>Por su parte, el coordinador del Plan del Norte, Sergio Rojas, expres\u00f3 que \u201chay que dividir este momento en dos etapas: una hist\u00f3rica por los reclamos para que se pavimente la ruta y, por otro lado, la decisi\u00f3n del gobernador Miguel Lifschitz de mirar al norte, tomando la fuerte determinaci\u00f3n pol\u00edtica de invertir en lugares donde no hay mayor poblaci\u00f3n para lograr el desarrollo de la regi\u00f3n y el arraigo\u201d.<\/p>\n<p>A su turno, el senador departamental Jos\u00e9 Baucero resalt\u00f3 que \u201ces un momento hist\u00f3rico para nosotros. Hace a\u00f1os que se pensaba en esta obra y con la gesti\u00f3n del gobernador Lifschitz en su mirada constante hacia el norte, en pocos d\u00edas se har\u00e1 realidad el sue\u00f1o. Esta ruta le va a cambiar la vida a los habitantes de varias localidades\u201d.<\/p>\n<p><span style=\"color: #0000ff;\"><strong>PRESENTES<\/strong><\/span><\/p>\n<p>Del acto de presentaci\u00f3n participaron representantes de la empresa UTE que conformaron las firmas Vial Agro S.A. e ICA S.R.L.; el intendente local, Sergio Ramseyer; el senador por el departamento Vera, Osvaldo Sosa; y el presidente de Colonia Dur\u00e1n, Ren\u00e9 Rub\u00e9n Reneiro.<\/p>\n","protected":false},"excerpt":{"rendered":"<p>Los trabajos demandan una inversi\u00f3n provincial superior a los $ 204 millones de pesos. La empresa ganadora de la licitaci\u00f3n brind\u00f3 detalles sobre la obra e inform\u00f3 que incorporar\u00e1 a 50 trabajadores&#46;&#46;&#46;<\/p>\n","protected":false},"author":1,"featured_media":431,"comment_status":"closed","ping_status":"open","sticky":false,"template":"","format":"standard","meta":[],"categories":[5,3,16,14],"tags":[],"_links":{"self":[{"href":"https:\/\/www.revistarescatados.com.ar\/web\/wp-json\/wp\/v2\/posts\/430"}],"collection":[{"href":"https:\/\/www.revistarescatados.com.ar\/web\/wp-json\/wp\/v2\/posts"}],"about":[{"href":"https:\/\/www.revistarescatados.com.ar\/web\/wp-json\/wp\/v2\/types\/post"}],"author":[{"embeddable":true,"href":"https:\/\/www.revistarescatados.com.ar\/web\/wp-json\/wp\/v2\/users\/1"}],"replies":[{"embeddable":true,"href":"https:\/\/www.revistarescatados.com.ar\/web\/wp-json\/wp\/v2\/comments?post=430"}],"version-history":[{"count":1,"href":"https:\/\/www.revistarescatados.com.ar\/web\/wp-json\/wp\/v2\/posts\/430\/revisions"}],"predecessor-version":[{"id":432,"href":"https:\/\/www.revistarescatados.com.ar\/web\/wp-json\/wp\/v2\/posts\/430\/revisions\/432"}],"wp:featuredmedia":[{"embeddable":true,"href":"https:\/\/www.revistarescatados.com.ar\/web\/wp-json\/wp\/v2\/media\/431"}],"wp:attachment":[{"href":"https:\/\/www.revistarescatados.com.ar\/web\/wp-json\/wp\/v2\/media?parent=430"}],"wp:term":[{"taxonomy":"category","embeddable":true,"href":"https:\/\/www.revistarescatados.com.ar\/web\/wp-json\/wp\/v2\/categories?post=430"},{"taxonomy":"post_tag","embeddable":true,"href":"https:\/\/www.revistarescatados.com.ar\/web\/wp-json\/wp\/v2\/tags?post=430"}],"curies":[{"name":"wp","href":"https:\/\/api.w.org\/{rel}","templated":true}]}}