{"id":433,"date":"2018-05-09T21:03:46","date_gmt":"2018-05-10T00:03:46","guid":{"rendered":"http:\/\/www.revistarescatados.com.ar\/web\/?p=433"},"modified":"2018-05-09T21:03:46","modified_gmt":"2018-05-10T00:03:46","slug":"en-las-ultimas-12-horas-cayeron-38-mm-mas-de-lluvia-en-calchaqui","status":"publish","type":"post","link":"https:\/\/www.revistarescatados.com.ar\/web\/2018\/05\/09\/en-las-ultimas-12-horas-cayeron-38-mm-mas-de-lluvia-en-calchaqui\/","title":{"rendered":"En las\u00a0 \u00faltimas 12 horas, cayeron 38 mm m\u00e1s de lluvia en Calchaqu\u00ed"},"content":{"rendered":"<p><img loading=\"lazy\" class=\"size-full wp-image-434 alignleft\" src=\"http:\/\/www.revistarescatados.com.ar\/web\/wp-content\/uploads\/2018\/05\/Lluvia.jpg\" alt=\"\" width=\"500\" height=\"341\" srcset=\"https:\/\/www.revistarescatados.com.ar\/web\/wp-content\/uploads\/2018\/05\/Lluvia.jpg 500w, https:\/\/www.revistarescatados.com.ar\/web\/wp-content\/uploads\/2018\/05\/Lluvia-300x205.jpg 300w\" sizes=\"(max-width: 500px) 100vw, 500px\" \/><\/p>\n<p><span style=\"color: #0000ff;\"><strong>As\u00ed lo inform\u00f3 la Unidad Regional XIX de polic\u00eda. La copiosa agua ca\u00edda durante gran parte de este mi\u00e9rcoles, provoc\u00f3 anegamiento de calles y volvi\u00f3 intransitables las de calzada natural. El mayor\u00a0 registro se dio en Toba que sum\u00f3 170 mil\u00edmetros.<\/strong><\/span><\/p>\n<p>VERA\u00a0\u00a0\u00a0\u00a0\u00a0\u00a0\u00a0\u00a0\u00a0\u00a0\u00a0\u00a0\u00a0\u00a0\u00a0\u00a0\u00a0\u00a0\u00a0\u00a0\u00a0\u00a0 39MM<\/p>\n<p>CALCHAQUI\u00a0\u00a0\u00a0\u00a0\u00a0\u00a0\u00a0\u00a0\u00a0 38MM<\/p>\n<p>FORTIN OLMOS\u00a0\u00a0\u00a0 76MM<\/p>\n<p>MARGARITA\u00a0\u00a0\u00a0\u00a0\u00a0\u00a0\u00a0\u00a0\u00a0 25MM<\/p>\n<p>LA GALLARETA\u00a0\u00a0\u00a0\u00a0\u00a0\u00a0 27MM<\/p>\n<p>INTIYACO\u00a0\u00a0\u00a0\u00a0\u00a0\u00a0\u00a0\u00a0\u00a0\u00a0\u00a0\u00a0\u00a0\u00a0\u00a0 10MM<\/p>\n<p>TARTAGAL\u00a0\u00a0\u00a0\u00a0\u00a0\u00a0\u00a0\u00a0\u00a0\u00a0\u00a0\u00a0\u00a0\u00a0 10MM<\/p>\n<p>GARABATO\u00a0\u00a0\u00a0\u00a0\u00a0\u00a0\u00a0\u00a0\u00a0\u00a0\u00a0\u00a0\u00a0 10MM<\/p>\n<p>TOBA\u00a0\u00a0\u00a0\u00a0\u00a0\u00a0\u00a0\u00a0\u00a0\u00a0\u00a0\u00a0\u00a0\u00a0\u00a0\u00a0\u00a0\u00a0\u00a0\u00a0\u00a0\u00a0\u00a0\u00a0\u00a0\u00a0 170MM<\/p>\n<p>SANTA FELICIA\u00a0\u00a0\u00a0\u00a0\u00a0\u00a0\u00a0\u00a0 90MM<\/p>\n","protected":false},"excerpt":{"rendered":"<p>As\u00ed lo inform\u00f3 la Unidad Regional XIX de polic\u00eda. La copiosa agua ca\u00edda durante gran parte de este mi\u00e9rcoles, provoc\u00f3 anegamiento de calles y volvi\u00f3 intransitables las de calzada natural. El mayor\u00a0&#46;&#46;&#46;<\/p>\n","protected":false},"author":1,"featured_media":434,"comment_status":"closed","ping_status":"open","sticky":false,"template":"","format":"standard","meta":[],"categories":[2,3,8],"tags":[],"_links":{"self":[{"href":"https:\/\/www.revistarescatados.com.ar\/web\/wp-json\/wp\/v2\/posts\/433"}],"collection":[{"href":"https:\/\/www.revistarescatados.com.ar\/web\/wp-json\/wp\/v2\/posts"}],"about":[{"href":"https:\/\/www.revistarescatados.com.ar\/web\/wp-json\/wp\/v2\/types\/post"}],"author":[{"embeddable":true,"href":"https:\/\/www.revistarescatados.com.ar\/web\/wp-json\/wp\/v2\/users\/1"}],"replies":[{"embeddable":true,"href":"https:\/\/www.revistarescatados.com.ar\/web\/wp-json\/wp\/v2\/comments?post=433"}],"version-history":[{"count":1,"href":"https:\/\/www.revistarescatados.com.ar\/web\/wp-json\/wp\/v2\/posts\/433\/revisions"}],"predecessor-version":[{"id":435,"href":"https:\/\/www.revistarescatados.com.ar\/web\/wp-json\/wp\/v2\/posts\/433\/revisions\/435"}],"wp:featuredmedia":[{"embeddable":true,"href":"https:\/\/www.revistarescatados.com.ar\/web\/wp-json\/wp\/v2\/media\/434"}],"wp:attachment":[{"href":"https:\/\/www.revistarescatados.com.ar\/web\/wp-json\/wp\/v2\/media?parent=433"}],"wp:term":[{"taxonomy":"category","embeddable":true,"href":"https:\/\/www.revistarescatados.com.ar\/web\/wp-json\/wp\/v2\/categories?post=433"},{"taxonomy":"post_tag","embeddable":true,"href":"https:\/\/www.revistarescatados.com.ar\/web\/wp-json\/wp\/v2\/tags?post=433"}],"curies":[{"name":"wp","href":"https:\/\/api.w.org\/{rel}","templated":true}]}}