{"id":4354,"date":"2019-04-01T16:48:34","date_gmt":"2019-04-01T19:48:34","guid":{"rendered":"http:\/\/www.revistarescatados.com.ar\/web\/?p=4354"},"modified":"2019-04-01T16:48:34","modified_gmt":"2019-04-01T19:48:34","slug":"una-decena-de-emprendedores-finalizaron-un-taller-de-la-oficina-de-empleo-municipal","status":"publish","type":"post","link":"https:\/\/www.revistarescatados.com.ar\/web\/2019\/04\/01\/una-decena-de-emprendedores-finalizaron-un-taller-de-la-oficina-de-empleo-municipal\/","title":{"rendered":"Una decena de emprendedores finalizaron un taller de la Oficina de Empleo Municipal"},"content":{"rendered":"<p><img loading=\"lazy\" class=\"aligncenter size-full wp-image-4355\" src=\"http:\/\/www.revistarescatados.com.ar\/web\/wp-content\/uploads\/2019\/04\/Taller-de-orientacion.jpg\" alt=\"\" width=\"960\" height=\"639\" srcset=\"https:\/\/www.revistarescatados.com.ar\/web\/wp-content\/uploads\/2019\/04\/Taller-de-orientacion.jpg 960w, https:\/\/www.revistarescatados.com.ar\/web\/wp-content\/uploads\/2019\/04\/Taller-de-orientacion-300x200.jpg 300w, https:\/\/www.revistarescatados.com.ar\/web\/wp-content\/uploads\/2019\/04\/Taller-de-orientacion-768x511.jpg 768w\" sizes=\"(max-width: 960px) 100vw, 960px\" \/><\/p>\n<p><span style=\"color: #0000ff;\"><strong>El Taller de Orientaci\u00f3n al Trabajo Independiente, dictado por la capacitadora de la Oficina de Empleo Calchaqu\u00ed, Guadalupe Fin\u00f3s, se llev\u00f3 a cabo en la sala de prensa del municipio, los d\u00edas 28 y 29 de marzo.<\/strong><\/span><\/p>\n<p>La capacitaci\u00f3n, que es gratuita y destinada a todo p\u00fablico, tiene entre sus objetivos el de orientar, acompa\u00f1ar y brindar herramientas a aquellos emprendedores que buscan poner en marcha o fortalecer su emprendimiento.<\/p>\n<p>Se trata de un espacio donde los participantes puedan encontrar los elementos b\u00e1sicos para analizar su potencial perfil emprendedor, fortalecer la idea de negocio y reflexionar acerca de sus propias fortalezas y debilidades para encarar un trabajo independiente, sean oficios, servicios o peque\u00f1as manufacturas.<\/p>\n","protected":false},"excerpt":{"rendered":"<p>El Taller de Orientaci\u00f3n al Trabajo Independiente, dictado por la capacitadora de la Oficina de Empleo Calchaqu\u00ed, Guadalupe Fin\u00f3s, se llev\u00f3 a cabo en la sala de prensa del municipio, los d\u00edas&#46;&#46;&#46;<\/p>\n","protected":false},"author":1,"featured_media":4355,"comment_status":"closed","ping_status":"open","sticky":false,"template":"","format":"standard","meta":[],"categories":[2,3,10,8],"tags":[],"_links":{"self":[{"href":"https:\/\/www.revistarescatados.com.ar\/web\/wp-json\/wp\/v2\/posts\/4354"}],"collection":[{"href":"https:\/\/www.revistarescatados.com.ar\/web\/wp-json\/wp\/v2\/posts"}],"about":[{"href":"https:\/\/www.revistarescatados.com.ar\/web\/wp-json\/wp\/v2\/types\/post"}],"author":[{"embeddable":true,"href":"https:\/\/www.revistarescatados.com.ar\/web\/wp-json\/wp\/v2\/users\/1"}],"replies":[{"embeddable":true,"href":"https:\/\/www.revistarescatados.com.ar\/web\/wp-json\/wp\/v2\/comments?post=4354"}],"version-history":[{"count":1,"href":"https:\/\/www.revistarescatados.com.ar\/web\/wp-json\/wp\/v2\/posts\/4354\/revisions"}],"predecessor-version":[{"id":4356,"href":"https:\/\/www.revistarescatados.com.ar\/web\/wp-json\/wp\/v2\/posts\/4354\/revisions\/4356"}],"wp:featuredmedia":[{"embeddable":true,"href":"https:\/\/www.revistarescatados.com.ar\/web\/wp-json\/wp\/v2\/media\/4355"}],"wp:attachment":[{"href":"https:\/\/www.revistarescatados.com.ar\/web\/wp-json\/wp\/v2\/media?parent=4354"}],"wp:term":[{"taxonomy":"category","embeddable":true,"href":"https:\/\/www.revistarescatados.com.ar\/web\/wp-json\/wp\/v2\/categories?post=4354"},{"taxonomy":"post_tag","embeddable":true,"href":"https:\/\/www.revistarescatados.com.ar\/web\/wp-json\/wp\/v2\/tags?post=4354"}],"curies":[{"name":"wp","href":"https:\/\/api.w.org\/{rel}","templated":true}]}}