{"id":4357,"date":"2019-04-01T17:22:11","date_gmt":"2019-04-01T20:22:11","guid":{"rendered":"http:\/\/www.revistarescatados.com.ar\/web\/?p=4357"},"modified":"2019-04-01T17:22:47","modified_gmt":"2019-04-01T20:22:47","slug":"aniversario-y-festejo-conjunto-en-el-centro-de-jubilados-de-san-justo","status":"publish","type":"post","link":"https:\/\/www.revistarescatados.com.ar\/web\/2019\/04\/01\/aniversario-y-festejo-conjunto-en-el-centro-de-jubilados-de-san-justo\/","title":{"rendered":"Aniversario y festejo conjunto en el Centro de jubilados de San Justo"},"content":{"rendered":"<p><img loading=\"lazy\" class=\"aligncenter size-full wp-image-4358\" src=\"http:\/\/www.revistarescatados.com.ar\/web\/wp-content\/uploads\/2019\/04\/Ballet-San-Justo.jpg\" alt=\"\" width=\"640\" height=\"360\" srcset=\"https:\/\/www.revistarescatados.com.ar\/web\/wp-content\/uploads\/2019\/04\/Ballet-San-Justo.jpg 640w, https:\/\/www.revistarescatados.com.ar\/web\/wp-content\/uploads\/2019\/04\/Ballet-San-Justo-300x169.jpg 300w\" sizes=\"(max-width: 640px) 100vw, 640px\" \/><\/p>\n<p><span style=\"color: #0000ff;\"><strong>Una noche de alegr\u00eda es la que ofrecen el Centro Mutual del Centro de Jubilados y Pensionados de San Justo y la Escuela de Folklore y Tradici\u00f3n &#8220;El Brigadier&#8221; este s\u00e1bado 6 de abril.<\/strong><\/span><\/p>\n<p>Ser\u00e1 a la hora 21:00 y en el Sal\u00f3n del Centro, celebrando el primer a\u00f1o de existencia de &#8220;El Brigadier&#8221; que dirigen los profesores Julio Ben\u00edtez y M\u00f3nica Ranzani.<\/p>\n<p>Habr\u00e1 grupos musicales y danzas y toda la alegr\u00eda asegurada por sus organizadores. Se habilitar\u00e1 una cantina con venta de choripanes, empanadas y bebidas, como as\u00ed tambi\u00e9n y como siempre, habr\u00e1 interesantes sorteos.<\/p>\n<p>Con un bono contribuci\u00f3n de 50$, se estar\u00e1 entrando a presenciar y a participar de un espect\u00e1culo bien nuestro y diferente, como nos tiene acostumbrados el Centro de Jubilados de San Justo.<\/p>\n<p>Daremos a conocer la n\u00f3mina de los conjuntos que actuar\u00e1n esa noche. En la foto, parte del Ballet Tradicionalista &#8220;El Brigadier&#8221; el presidente de la C.D. del Centro, se\u00f1or HORACIO Cortina.<\/p>\n<p>Como siempre, se ruega puntualidad a los efectos organizativos.<\/p>\n","protected":false},"excerpt":{"rendered":"<p>Una noche de alegr\u00eda es la que ofrecen el Centro Mutual del Centro de Jubilados y Pensionados de San Justo y la Escuela de Folklore y Tradici\u00f3n &#8220;El Brigadier&#8221; este s\u00e1bado 6&#46;&#46;&#46;<\/p>\n","protected":false},"author":1,"featured_media":4358,"comment_status":"closed","ping_status":"open","sticky":false,"template":"","format":"standard","meta":[],"categories":[7,4,8],"tags":[],"_links":{"self":[{"href":"https:\/\/www.revistarescatados.com.ar\/web\/wp-json\/wp\/v2\/posts\/4357"}],"collection":[{"href":"https:\/\/www.revistarescatados.com.ar\/web\/wp-json\/wp\/v2\/posts"}],"about":[{"href":"https:\/\/www.revistarescatados.com.ar\/web\/wp-json\/wp\/v2\/types\/post"}],"author":[{"embeddable":true,"href":"https:\/\/www.revistarescatados.com.ar\/web\/wp-json\/wp\/v2\/users\/1"}],"replies":[{"embeddable":true,"href":"https:\/\/www.revistarescatados.com.ar\/web\/wp-json\/wp\/v2\/comments?post=4357"}],"version-history":[{"count":1,"href":"https:\/\/www.revistarescatados.com.ar\/web\/wp-json\/wp\/v2\/posts\/4357\/revisions"}],"predecessor-version":[{"id":4359,"href":"https:\/\/www.revistarescatados.com.ar\/web\/wp-json\/wp\/v2\/posts\/4357\/revisions\/4359"}],"wp:featuredmedia":[{"embeddable":true,"href":"https:\/\/www.revistarescatados.com.ar\/web\/wp-json\/wp\/v2\/media\/4358"}],"wp:attachment":[{"href":"https:\/\/www.revistarescatados.com.ar\/web\/wp-json\/wp\/v2\/media?parent=4357"}],"wp:term":[{"taxonomy":"category","embeddable":true,"href":"https:\/\/www.revistarescatados.com.ar\/web\/wp-json\/wp\/v2\/categories?post=4357"},{"taxonomy":"post_tag","embeddable":true,"href":"https:\/\/www.revistarescatados.com.ar\/web\/wp-json\/wp\/v2\/tags?post=4357"}],"curies":[{"name":"wp","href":"https:\/\/api.w.org\/{rel}","templated":true}]}}