{"id":4434,"date":"2019-04-08T19:12:01","date_gmt":"2019-04-08T22:12:01","guid":{"rendered":"http:\/\/www.revistarescatados.com.ar\/web\/?p=4434"},"modified":"2019-04-08T19:12:01","modified_gmt":"2019-04-08T22:12:01","slug":"con-renovado-exito-se-desarrollo-la-2a-maraton-solidaria-en-calchaqui-videos","status":"publish","type":"post","link":"https:\/\/www.revistarescatados.com.ar\/web\/2019\/04\/08\/con-renovado-exito-se-desarrollo-la-2a-maraton-solidaria-en-calchaqui-videos\/","title":{"rendered":"Con renovado \u00e9xito se desarroll\u00f3 la 2\u00aa Marat\u00f3n Solidaria en Calchaqu\u00ed (videos)"},"content":{"rendered":"<p><img loading=\"lazy\" class=\"aligncenter size-full wp-image-4435\" src=\"http:\/\/www.revistarescatados.com.ar\/web\/wp-content\/uploads\/2019\/04\/maraton.jpg\" alt=\"\" width=\"1383\" height=\"922\" srcset=\"https:\/\/www.revistarescatados.com.ar\/web\/wp-content\/uploads\/2019\/04\/maraton.jpg 1383w, https:\/\/www.revistarescatados.com.ar\/web\/wp-content\/uploads\/2019\/04\/maraton-300x200.jpg 300w, https:\/\/www.revistarescatados.com.ar\/web\/wp-content\/uploads\/2019\/04\/maraton-768x512.jpg 768w, https:\/\/www.revistarescatados.com.ar\/web\/wp-content\/uploads\/2019\/04\/maraton-1024x683.jpg 1024w\" sizes=\"(max-width: 1383px) 100vw, 1383px\" \/><\/p>\n<p><span style=\"color: #0000ff;\"><strong>M\u00e1s de 380 inscriptos participaron del evento a beneficio del hospital. Hubo estaciones de hidrataci\u00f3n con m\u00fasica en vivo y el permanente aliento de los vecinos. Al final se entregaron medallas y trofeos, como tambi\u00e9n hubo un show musical y premios.<\/strong><\/span><\/p>\n<p>La soleada ma\u00f1ana oto\u00f1al del domingo 7 de abril acompa\u00f1\u00f3 el rotundo \u00e9xito de la segunda edici\u00f3n de la corrida, organizada por el \u00c1rea de Deportes del municipio y con el auspicio del senador Osvaldo Sosa. El objetivo era recaudar fondos para adquirir un monitor electr\u00f3nico de latidos fetales para el hospital Ricardo Aldao. Unas 80 embarazadas deben asistir al Hospital de Vera para realizarse este estudio ginecol\u00f3gico para el control de la gestaci\u00f3n. Ahora se podr\u00e1 realizar en la ciudad.<\/p>\n<p>Tras un precalentamiento con clases de zumba, la marea naranja parti\u00f3 desde el escenario municipal. El recorrido por las calles de la ciudad era en una distancia de 4k y 8k. Acompa\u00f1aban la caravana, m\u00f3viles del SEM, bomberos y la polic\u00eda local.<\/p>\n<div id=\"fb-root\"><\/div>\n<p><script async=\"1\" defer=\"1\" crossorigin=\"anonymous\" src=\"https:\/\/connect.facebook.net\/en_US\/sdk.js#xfbml=1&amp;version=v3.2\"><\/script><\/p>\n<div class=\"fb-video\" data-href=\"https:\/\/www.facebook.com\/rescatados.calchaqui.5\/videos\/355896291697666\/\" data-width=\"500\">\n<blockquote cite=\"https:\/\/www.facebook.com\/rescatados.calchaqui.5\/videos\/355896291697666\/\" class=\"fb-xfbml-parse-ignore\"><p><a href=\"https:\/\/www.facebook.com\/rescatados.calchaqui.5\/videos\/355896291697666\/\"><\/a><\/p>\n<p>**Puesto de hidratacion**HOGAR DE ANCIANOS<\/p>\n<p>Posted by <a href=\"https:\/\/www.facebook.com\/rescatados.calchaqui.5\/\">Rescatados Television &#8211; Calchaqui<\/a> on Sunday, April 7, 2019<\/p><\/blockquote>\n<\/div>\n<p>En el Hogar de Ancianos \u201cSan Antonio de Padua\u201d, se dispuso de un puesto de hidrataci\u00f3n, con el aliento del equipo de f\u00fatbol femenino Las Tangueritas y el saludo constante de los residentes del hogar.<\/p>\n<div id=\"fb-root\"><\/div>\n<p><script async=\"1\" defer=\"1\" crossorigin=\"anonymous\" src=\"https:\/\/connect.facebook.net\/en_US\/sdk.js#xfbml=1&amp;version=v3.2\"><\/script><\/p>\n<div class=\"fb-video\" data-href=\"https:\/\/www.facebook.com\/rescatados.calchaqui.5\/videos\/665795900507419\/\" data-width=\"500\">\n<blockquote cite=\"https:\/\/www.facebook.com\/rescatados.calchaqui.5\/videos\/665795900507419\/\" class=\"fb-xfbml-parse-ignore\"><p><a href=\"https:\/\/www.facebook.com\/rescatados.calchaqui.5\/videos\/665795900507419\/\"><\/a><\/p>\n<p>**Puesto de hidratacion***BANCO CREDICOOP. MUSICA EN VIVO??? LOS CLEMENTE???<\/p>\n<p>Posted by <a href=\"https:\/\/www.facebook.com\/rescatados.calchaqui.5\/\">Rescatados Television &#8211; Calchaqui<\/a> on Sunday, April 7, 2019<\/p><\/blockquote>\n<\/div>\n<p>Frente al banco Credicoop, la m\u00fasica en vivo de Los Clementes amenizaba la corrida sobre el boulevard Belgrano, que ten\u00eda en su intersecci\u00f3n con calle San Mart\u00edn a una autobomba y Bomberos Voluntarios arrojando agua a los agitados atletas.<\/p>\n<div id=\"fb-root\"><\/div>\n<p><script async=\"1\" defer=\"1\" crossorigin=\"anonymous\" src=\"https:\/\/connect.facebook.net\/en_US\/sdk.js#xfbml=1&amp;version=v3.2\"><\/script><\/p>\n<div class=\"fb-video\" data-href=\"https:\/\/www.facebook.com\/rescatados.calchaqui.5\/videos\/2278907875709522\/\" data-width=\"500\">\n<blockquote cite=\"https:\/\/www.facebook.com\/rescatados.calchaqui.5\/videos\/2278907875709522\/\" class=\"fb-xfbml-parse-ignore\"><p><a href=\"https:\/\/www.facebook.com\/rescatados.calchaqui.5\/videos\/2278907875709522\/\"><\/a><\/p>\n<p>Semaforo de Bvard Belgrano y San Martin.???Mojada de Bomberos Voluntarios??<\/p>\n<p>Posted by <a href=\"https:\/\/www.facebook.com\/rescatados.calchaqui.5\/\">Rescatados Television &#8211; Calchaqui<\/a> on Sunday, April 7, 2019<\/p><\/blockquote>\n<\/div>\n<p>En el colegio Ntra Sra. de Guadalupe el aguante de los peque\u00f1os alumnos y docentes daba impulso a las fatigadas piernas. Finalmente, en la plazoleta saludable \u201cDr. Osvaldo Brunetto\u201d, la percusi\u00f3n y trompetas de una batucada local acompa\u00f1aba el presuroso paso de los competidores.<\/p>\n<div id=\"fb-root\"><\/div>\n<p><script async=\"1\" defer=\"1\" crossorigin=\"anonymous\" src=\"https:\/\/connect.facebook.net\/en_US\/sdk.js#xfbml=1&amp;version=v3.2\"><\/script><\/p>\n<div class=\"fb-video\" data-href=\"https:\/\/www.facebook.com\/rescatados.calchaqui.5\/videos\/1170160909825363\/\" data-width=\"500\">\n<blockquote cite=\"https:\/\/www.facebook.com\/rescatados.calchaqui.5\/videos\/1170160909825363\/\" class=\"fb-xfbml-parse-ignore\"><p><a href=\"https:\/\/www.facebook.com\/rescatados.calchaqui.5\/videos\/1170160909825363\/\"><\/a><\/p>\n<p>???El aguante en el COLEGIO NTRA SRA DE GUADALUPE???<\/p>\n<p>Posted by <a href=\"https:\/\/www.facebook.com\/rescatados.calchaqui.5\/\">Rescatados Television &#8211; Calchaqui<\/a> on Sunday, April 7, 2019<\/p><\/blockquote>\n<\/div>\n<p>Al llegar a la meta, el senador Osvaldo Sosa, el intendente Rub\u00e9n Cuello y el presidente del Samco Daniel Avallone colocaban las medallas; mientras el equipo de Expertime fiscalizaba la posici\u00f3n de cada participante.<\/p>\n<div id=\"fb-root\"><\/div>\n<p><script async=\"1\" defer=\"1\" crossorigin=\"anonymous\" src=\"https:\/\/connect.facebook.net\/en_US\/sdk.js#xfbml=1&amp;version=v3.2\"><\/script><\/p>\n<div class=\"fb-video\" data-href=\"https:\/\/www.facebook.com\/rescatados.calchaqui.5\/videos\/2156769581078689\/\" data-width=\"500\">\n<blockquote cite=\"https:\/\/www.facebook.com\/rescatados.calchaqui.5\/videos\/2156769581078689\/\" class=\"fb-xfbml-parse-ignore\"><p><a href=\"https:\/\/www.facebook.com\/rescatados.calchaqui.5\/videos\/2156769581078689\/\"><\/a><\/p>\n<p>**Final de la exitosa 2* Maraton solidaria***<\/p>\n<p>Posted by <a href=\"https:\/\/www.facebook.com\/rescatados.calchaqui.5\/\">Rescatados Television &#8211; Calchaqui<\/a> on Sunday, April 7, 2019<\/p><\/blockquote>\n<\/div>\n<p>En el escenario municipal, con la animaci\u00f3n del \u201cGringo\u201d Friggeri, se present\u00f3 el grupo Replay desde Villa Carlos Paz, para hacer bailar a toda la concurrencia, con \u201ctrencito\u201d incluido.<\/p>\n<div id=\"fb-root\"><\/div>\n<p><script async=\"1\" defer=\"1\" crossorigin=\"anonymous\" src=\"https:\/\/connect.facebook.net\/en_US\/sdk.js#xfbml=1&amp;version=v3.2\"><\/script><\/p>\n<div class=\"fb-video\" data-href=\"https:\/\/www.facebook.com\/rescatados.calchaqui.5\/videos\/394693981111988\/\" data-width=\"500\">\n<blockquote cite=\"https:\/\/www.facebook.com\/rescatados.calchaqui.5\/videos\/394693981111988\/\" class=\"fb-xfbml-parse-ignore\"><p><a href=\"https:\/\/www.facebook.com\/rescatados.calchaqui.5\/videos\/394693981111988\/\"><\/a><\/p>\n<p>**Impresionante Show de REPLAY en el escenario municipal Ismael Berli. Se viene el final de la corrida**<\/p>\n<p>Posted by <a href=\"https:\/\/www.facebook.com\/rescatados.calchaqui.5\/\">Rescatados Television &#8211; Calchaqui<\/a> on Sunday, April 7, 2019<\/p><\/blockquote>\n<\/div>\n<p>Luego llego el momento de la premiaci\u00f3n a los tres primeros lugares de cada categor\u00eda femenina y masculina de los 8 kil\u00f3metros. Adem\u00e1s hubo trofeos especiales para Esteban Roldan de Tostado que compiti\u00f3 en silla de ruedas y a participantes con capacidades especiales Gian Luca Mena, \u201cLuchi\u201d Ulrich y Guille Fabre.<\/p>\n<div id=\"fb-root\"><\/div>\n<p><script async=\"1\" defer=\"1\" crossorigin=\"anonymous\" src=\"https:\/\/connect.facebook.net\/en_US\/sdk.js#xfbml=1&amp;version=v3.2\"><\/script><\/p>\n<div class=\"fb-video\" data-href=\"https:\/\/www.facebook.com\/rescatados.calchaqui.5\/videos\/1160481430793876\/\" data-width=\"500\">\n<blockquote cite=\"https:\/\/www.facebook.com\/rescatados.calchaqui.5\/videos\/1160481430793876\/\" class=\"fb-xfbml-parse-ignore\"><p><a href=\"https:\/\/www.facebook.com\/rescatados.calchaqui.5\/videos\/1160481430793876\/\"><\/a><\/p>\n<p>??Agradecimiento de la directora del hospital dra. Valeria Peralta y premiacion de ganadoras en la distancia de 8 kilometros. \u00a1\u00a1\u00a1Felicitaciones por el esfuerzo!!!??<\/p>\n<p>Posted by <a href=\"https:\/\/www.facebook.com\/rescatados.calchaqui.5\/\">Rescatados Television &#8211; Calchaqui<\/a> on Sunday, April 7, 2019<\/p><\/blockquote>\n<\/div>\n<p>El intendente Rub\u00e9n Cuello agradeci\u00f3 a todos los 382 inscriptos \u00a0de la ciudad y la regi\u00f3n y destac\u00f3 la participaci\u00f3n de las familias; al tiempo que adelant\u00f3 la posibilidad de que la pr\u00f3xima corrida sea nocturna. A su vez, el senador Osvaldo Sosa valor\u00f3 el \u00e9xito de la convocatoria y vaticin\u00f3 que la pr\u00f3xima duplicar\u00e1 la participaci\u00f3n.<\/p>\n<p><strong>MIRA EL <a href=\"https:\/\/www.facebook.com\/pg\/Revista-Rescatados-161421006756\/photos\/?tab=album&amp;album_id=10157317694216757\"><span style=\"color: #0000ff;\">ALBUM DE IM\u00c1GENES<\/span><\/a><\/strong><\/p>\n","protected":false},"excerpt":{"rendered":"<p>M\u00e1s de 380 inscriptos participaron del evento a beneficio del hospital. Hubo estaciones de hidrataci\u00f3n con m\u00fasica en vivo y el permanente aliento de los vecinos. Al final se entregaron medallas y&#46;&#46;&#46;<\/p>\n","protected":false},"author":1,"featured_media":4435,"comment_status":"closed","ping_status":"open","sticky":false,"template":"","format":"standard","meta":[],"categories":[2,3,17,16],"tags":[],"_links":{"self":[{"href":"https:\/\/www.revistarescatados.com.ar\/web\/wp-json\/wp\/v2\/posts\/4434"}],"collection":[{"href":"https:\/\/www.revistarescatados.com.ar\/web\/wp-json\/wp\/v2\/posts"}],"about":[{"href":"https:\/\/www.revistarescatados.com.ar\/web\/wp-json\/wp\/v2\/types\/post"}],"author":[{"embeddable":true,"href":"https:\/\/www.revistarescatados.com.ar\/web\/wp-json\/wp\/v2\/users\/1"}],"replies":[{"embeddable":true,"href":"https:\/\/www.revistarescatados.com.ar\/web\/wp-json\/wp\/v2\/comments?post=4434"}],"version-history":[{"count":1,"href":"https:\/\/www.revistarescatados.com.ar\/web\/wp-json\/wp\/v2\/posts\/4434\/revisions"}],"predecessor-version":[{"id":4436,"href":"https:\/\/www.revistarescatados.com.ar\/web\/wp-json\/wp\/v2\/posts\/4434\/revisions\/4436"}],"wp:featuredmedia":[{"embeddable":true,"href":"https:\/\/www.revistarescatados.com.ar\/web\/wp-json\/wp\/v2\/media\/4435"}],"wp:attachment":[{"href":"https:\/\/www.revistarescatados.com.ar\/web\/wp-json\/wp\/v2\/media?parent=4434"}],"wp:term":[{"taxonomy":"category","embeddable":true,"href":"https:\/\/www.revistarescatados.com.ar\/web\/wp-json\/wp\/v2\/categories?post=4434"},{"taxonomy":"post_tag","embeddable":true,"href":"https:\/\/www.revistarescatados.com.ar\/web\/wp-json\/wp\/v2\/tags?post=4434"}],"curies":[{"name":"wp","href":"https:\/\/api.w.org\/{rel}","templated":true}]}}