{"id":446,"date":"2018-05-10T14:28:35","date_gmt":"2018-05-10T17:28:35","guid":{"rendered":"http:\/\/www.revistarescatados.com.ar\/web\/?p=446"},"modified":"2018-05-10T14:28:35","modified_gmt":"2018-05-10T17:28:35","slug":"calchaqui-suma-actividades-en-la-semana-de-la-miel","status":"publish","type":"post","link":"https:\/\/www.revistarescatados.com.ar\/web\/2018\/05\/10\/calchaqui-suma-actividades-en-la-semana-de-la-miel\/","title":{"rendered":"Calchaqu\u00ed suma actividades en la \u201csemana de la miel"},"content":{"rendered":"<p><img loading=\"lazy\" class=\"aligncenter size-full wp-image-447\" src=\"http:\/\/www.revistarescatados.com.ar\/web\/wp-content\/uploads\/2018\/05\/Sumale-Miel-a-tu-vida-LOGO.jpg\" alt=\"\" width=\"1689\" height=\"827\" srcset=\"https:\/\/www.revistarescatados.com.ar\/web\/wp-content\/uploads\/2018\/05\/Sumale-Miel-a-tu-vida-LOGO.jpg 1689w, https:\/\/www.revistarescatados.com.ar\/web\/wp-content\/uploads\/2018\/05\/Sumale-Miel-a-tu-vida-LOGO-300x147.jpg 300w, https:\/\/www.revistarescatados.com.ar\/web\/wp-content\/uploads\/2018\/05\/Sumale-Miel-a-tu-vida-LOGO-768x376.jpg 768w, https:\/\/www.revistarescatados.com.ar\/web\/wp-content\/uploads\/2018\/05\/Sumale-Miel-a-tu-vida-LOGO-1024x501.jpg 1024w\" sizes=\"(max-width: 1689px) 100vw, 1689px\" \/><\/p>\n<p><span style=\"color: #0000ff;\"><strong>Del 14 al 20 de mayo, la Secretaria de Producci\u00f3n de Calchaqu\u00ed organiza charlas con las escuelas de la localidad y habr\u00e1 un Stand ap\u00edcola en la Plaza 25 de mayo, donde se explicara la cadena productiva de Miel, sus propiedades y degustaciones. As\u00ed el municipio adhiere a la Campa\u00f1a Nacional &#8220;Sumale Miel a tu Vida&#8221;. <\/strong><\/span><\/p>\n<p><strong>\u00a1EMPEZ\u00c1 TU D\u00cdA CON MIEL!<\/strong><\/p>\n<p>La miel es un alimento natural producido por las abejas obreras a partir del n\u00e9ctar de las flores que ellas mismas recogen, transforman y combinan con sustancias propias y almacenan en los panales hasta su maduraci\u00f3n.<\/p>\n<p><strong>\u00bfSab\u00edas qu\u00e9?<\/strong><\/p>\n<p>&#8211; Es fuente de energ\u00eda, r\u00e1pidamente disponible por su composici\u00f3n de az\u00facares.<\/p>\n<p>&#8211; Contiene peque\u00f1as cantidades de antioxidantes, vitaminas, minerales.<\/p>\n<p>&#8211; El color de la miel depende de las flores que visitaron las abejas.<\/p>\n<p>&#8211; \u00a0La cristalizaci\u00f3n es un proceso natural de la miel. El estado de la miel puede ser l\u00edquido, s\u00f3lido o cremoso.<\/p>\n<p>La miel se puede usar en la preparaci\u00f3n de comidas (panificados, postres, salsas, barbacoas, carnes, aderezos, vinagre de miel y otros), en la elaboraci\u00f3n de bebidas (hidromiel, cerveza y espumantes) y en cosm\u00e9tica natural.<\/p>\n<p><strong>Para tener en cuenta:<\/strong><\/p>\n<p>&#8211; La luz solar, el calor y el paso del tiempo afectan las propiedades biol\u00f3gicas.<\/p>\n<p>&#8211; Al comprar miel lea la etiqueta completa: no es lo mismo miel que alimento a base de miel.<\/p>\n","protected":false},"excerpt":{"rendered":"<p>Del 14 al 20 de mayo, la Secretaria de Producci\u00f3n de Calchaqu\u00ed organiza charlas con las escuelas de la localidad y habr\u00e1 un Stand ap\u00edcola en la Plaza 25 de mayo, donde&#46;&#46;&#46;<\/p>\n","protected":false},"author":1,"featured_media":447,"comment_status":"closed","ping_status":"open","sticky":false,"template":"","format":"standard","meta":[],"categories":[2,3,16,10],"tags":[],"_links":{"self":[{"href":"https:\/\/www.revistarescatados.com.ar\/web\/wp-json\/wp\/v2\/posts\/446"}],"collection":[{"href":"https:\/\/www.revistarescatados.com.ar\/web\/wp-json\/wp\/v2\/posts"}],"about":[{"href":"https:\/\/www.revistarescatados.com.ar\/web\/wp-json\/wp\/v2\/types\/post"}],"author":[{"embeddable":true,"href":"https:\/\/www.revistarescatados.com.ar\/web\/wp-json\/wp\/v2\/users\/1"}],"replies":[{"embeddable":true,"href":"https:\/\/www.revistarescatados.com.ar\/web\/wp-json\/wp\/v2\/comments?post=446"}],"version-history":[{"count":1,"href":"https:\/\/www.revistarescatados.com.ar\/web\/wp-json\/wp\/v2\/posts\/446\/revisions"}],"predecessor-version":[{"id":448,"href":"https:\/\/www.revistarescatados.com.ar\/web\/wp-json\/wp\/v2\/posts\/446\/revisions\/448"}],"wp:featuredmedia":[{"embeddable":true,"href":"https:\/\/www.revistarescatados.com.ar\/web\/wp-json\/wp\/v2\/media\/447"}],"wp:attachment":[{"href":"https:\/\/www.revistarescatados.com.ar\/web\/wp-json\/wp\/v2\/media?parent=446"}],"wp:term":[{"taxonomy":"category","embeddable":true,"href":"https:\/\/www.revistarescatados.com.ar\/web\/wp-json\/wp\/v2\/categories?post=446"},{"taxonomy":"post_tag","embeddable":true,"href":"https:\/\/www.revistarescatados.com.ar\/web\/wp-json\/wp\/v2\/tags?post=446"}],"curies":[{"name":"wp","href":"https:\/\/api.w.org\/{rel}","templated":true}]}}