{"id":4589,"date":"2019-04-17T02:10:51","date_gmt":"2019-04-17T05:10:51","guid":{"rendered":"http:\/\/www.revistarescatados.com.ar\/web\/?p=4589"},"modified":"2019-04-17T02:10:51","modified_gmt":"2019-04-17T05:10:51","slug":"bruno-amione-cosecho-elogios-por-su-actuacion-en-sudamericano-y-se-prepara-para-jugar-en-la-primera-de-belgrano","status":"publish","type":"post","link":"https:\/\/www.revistarescatados.com.ar\/web\/2019\/04\/17\/bruno-amione-cosecho-elogios-por-su-actuacion-en-sudamericano-y-se-prepara-para-jugar-en-la-primera-de-belgrano\/","title":{"rendered":"Bruno Amione cosech\u00f3 elogios por su actuaci\u00f3n en sudamericano y se prepara para jugar en la primera de Belgrano"},"content":{"rendered":"<p><img loading=\"lazy\" class=\"aligncenter size-full wp-image-4590\" src=\"http:\/\/www.revistarescatados.com.ar\/web\/wp-content\/uploads\/2019\/04\/Amione.jpg\" alt=\"\" width=\"960\" height=\"640\" srcset=\"https:\/\/www.revistarescatados.com.ar\/web\/wp-content\/uploads\/2019\/04\/Amione.jpg 960w, https:\/\/www.revistarescatados.com.ar\/web\/wp-content\/uploads\/2019\/04\/Amione-300x200.jpg 300w, https:\/\/www.revistarescatados.com.ar\/web\/wp-content\/uploads\/2019\/04\/Amione-768x512.jpg 768w\" sizes=\"(max-width: 960px) 100vw, 960px\" \/><br \/>\n<span style=\"color: #0000ff;\"><strong>Bruno Amione fue uno de los futbolistas m\u00e1s destacados de la selecci\u00f3n argentina Sub 17 que logr\u00f3 la clasificaci\u00f3n al Mundial de la categor\u00eda en el Sudamericano disputado en Per\u00fa y obtuvo el campeonato.<\/strong><\/span><\/p>\n<p>El equipo que conduce Pablo Aimar tuvo muy buenas actuaciones y Amione fue l\u00edder.<\/p>\n<p>El zaguero oriundo de Calchaqu\u00ed, Santa Fe, es un gran proyecto de las inferiores de Belgrano y espera en este 2019, tras el descenso a la B Nacional, tener una oportunidad en el primer equipo.<\/p>\n<p>\u201cMe siento muy bien, contento y tranquilo. Ya estoy operado y ahora estoy pensando en recuperarme\u201d, cont\u00f3 ante canal Showsport este mi\u00e9rcoles.<\/p>\n<p>Amione estuvo presente en cinco partidos del Sudamericano y se perdi\u00f3 el cierre del torneo por lesi\u00f3n: sufri\u00f3 una fractura del quinto metatarsiano de su pie derecho.<\/p>\n<p>Entre muchos elogios que recibi\u00f3, se destac\u00f3 el del periodista Juan Pablo Varsky. \u201cBruno Amione, de Belgrano, es due\u00f1o de una cantidad de virtudes llamativas para alguien de su edad. El club cordob\u00e9s tiene un proyecto interesant\u00edsimo a futuro: personalidad, velocidad, fortaleza f\u00edsica, juego a\u00e9reo, buena lectura cuando su equipo queda mal parado y gol\u201d, escribi\u00f3 en Twitter.<\/p>\n<div class=\"video-container\"><iframe loading=\"lazy\" width=\"500\" height=\"281\" src=\"https:\/\/www.youtube.com\/embed\/X7TILe55hM0?feature=oembed&#038;wmode=opaque\" frameborder=\"0\" allow=\"accelerometer; autoplay; encrypted-media; gyroscope; picture-in-picture\" allowfullscreen><\/iframe><\/div>\n<p>\u201cAhora me voy a meter en Belgrano. Yo tengo dos o tres meses como mucho de recuperaci\u00f3n y ya estar\u00e9 en cancha nuevamente\u201d, agreg\u00f3 ante el programa \u201cEl Show En La Red\u201d.<\/p>\n<p>Consultado sobre su futuro en el Pirata, avis\u00f3: \u201cEstoy esperando el momento de jugar en Belgrano. Yo ya estoy preparado, estoy listo. Cuando me toque, voy a estar preparado para eso\u201d.<\/p>\n<p><em><strong>Fuente: Mundo La Voz<\/strong><\/em><\/p>\n","protected":false},"excerpt":{"rendered":"<p>Bruno Amione fue uno de los futbolistas m\u00e1s destacados de la selecci\u00f3n argentina Sub 17 que logr\u00f3 la clasificaci\u00f3n al Mundial de la categor\u00eda en el Sudamericano disputado en Per\u00fa y obtuvo&#46;&#46;&#46;<\/p>\n","protected":false},"author":1,"featured_media":4590,"comment_status":"closed","ping_status":"open","sticky":false,"template":"","format":"standard","meta":[],"categories":[2,3,17],"tags":[],"_links":{"self":[{"href":"https:\/\/www.revistarescatados.com.ar\/web\/wp-json\/wp\/v2\/posts\/4589"}],"collection":[{"href":"https:\/\/www.revistarescatados.com.ar\/web\/wp-json\/wp\/v2\/posts"}],"about":[{"href":"https:\/\/www.revistarescatados.com.ar\/web\/wp-json\/wp\/v2\/types\/post"}],"author":[{"embeddable":true,"href":"https:\/\/www.revistarescatados.com.ar\/web\/wp-json\/wp\/v2\/users\/1"}],"replies":[{"embeddable":true,"href":"https:\/\/www.revistarescatados.com.ar\/web\/wp-json\/wp\/v2\/comments?post=4589"}],"version-history":[{"count":1,"href":"https:\/\/www.revistarescatados.com.ar\/web\/wp-json\/wp\/v2\/posts\/4589\/revisions"}],"predecessor-version":[{"id":4591,"href":"https:\/\/www.revistarescatados.com.ar\/web\/wp-json\/wp\/v2\/posts\/4589\/revisions\/4591"}],"wp:featuredmedia":[{"embeddable":true,"href":"https:\/\/www.revistarescatados.com.ar\/web\/wp-json\/wp\/v2\/media\/4590"}],"wp:attachment":[{"href":"https:\/\/www.revistarescatados.com.ar\/web\/wp-json\/wp\/v2\/media?parent=4589"}],"wp:term":[{"taxonomy":"category","embeddable":true,"href":"https:\/\/www.revistarescatados.com.ar\/web\/wp-json\/wp\/v2\/categories?post=4589"},{"taxonomy":"post_tag","embeddable":true,"href":"https:\/\/www.revistarescatados.com.ar\/web\/wp-json\/wp\/v2\/tags?post=4589"}],"curies":[{"name":"wp","href":"https:\/\/api.w.org\/{rel}","templated":true}]}}