{"id":4592,"date":"2019-04-18T13:39:02","date_gmt":"2019-04-18T16:39:02","guid":{"rendered":"http:\/\/www.revistarescatados.com.ar\/web\/?p=4592"},"modified":"2019-04-18T13:39:02","modified_gmt":"2019-04-18T16:39:02","slug":"golondrina-contara-con-telefonia-movil-3g-y-4g","status":"publish","type":"post","link":"https:\/\/www.revistarescatados.com.ar\/web\/2019\/04\/18\/golondrina-contara-con-telefonia-movil-3g-y-4g\/","title":{"rendered":"Golondrina contar\u00e1 con telefon\u00eda m\u00f3vil 3G Y 4G"},"content":{"rendered":"<p><img loading=\"lazy\" class=\"aligncenter size-full wp-image-4593\" src=\"http:\/\/www.revistarescatados.com.ar\/web\/wp-content\/uploads\/2019\/04\/Antena-2.jpeg\" alt=\"\" width=\"720\" height=\"1277\" srcset=\"https:\/\/www.revistarescatados.com.ar\/web\/wp-content\/uploads\/2019\/04\/Antena-2.jpeg 720w, https:\/\/www.revistarescatados.com.ar\/web\/wp-content\/uploads\/2019\/04\/Antena-2-169x300.jpeg 169w, https:\/\/www.revistarescatados.com.ar\/web\/wp-content\/uploads\/2019\/04\/Antena-2-577x1024.jpeg 577w\" sizes=\"(max-width: 720px) 100vw, 720px\" \/><\/p>\n<p><span style=\"color: #0000ff;\"><strong>As\u00ed lo anunci\u00f3 el coordinador del Plan del Norte, Sergio Rojas, quien expres\u00f3 que ayer mi\u00e9rcoles 17 se termin\u00f3 de instalar la antena en la localidad.<\/strong><\/span><\/p>\n<p>\u201cAll\u00e1 por el a\u00f1o 2016, despu\u00e9s de haber inaugurado, junto al gobernador Lifschitz, antenas en La Cig\u00fce\u00f1a, Fort\u00edn Chilcas, Las Gamas y Fort\u00edn Charr\u00faa, nos hab\u00edamos comprometido con los vecinos del departamento a poder gestionar otras. Estuvimos siempre en contacto permanente con los directivos de la empresa Telecom para que puedan colocar otras nuevas, o ir cambiando las existentes a tecnolog\u00eda 3G y 4G\u201d, indic\u00f3 Rojas.<\/p>\n<p>El coordinador asegur\u00f3 que \u201choy podemos estar satisfechos, porque cumplimos con la palabra asumida, y en el d\u00eda de ayer se termino de montar la antena en Golondrina, que dar\u00e1 una buena se\u00f1al no s\u00f3lo a la localidad, sino tambi\u00e9n a sus alrededores, en aquellos lugares ubicados sobre la Ruta 3\u201d.<\/p>\n<p>Asimismo, resalt\u00f3 la \u201cgesti\u00f3n conjunta con el presidente Aurelio Andreu, y el equipo que conduce la comuna actualmente\u201d, al tiempo que defini\u00f3 que \u201ceste logro permitir\u00e1 mejorar la comunicaci\u00f3n; y, en lo que respecta a los compromisos que venimos haciendo de cara a la senadur\u00eda, brindar\u00e1 mayores posibilidades para que j\u00f3venes de nuestro departamento Vera puedan trabajar con cuestiones tecnol\u00f3gicas, no importando el lugar donde nacieron y quieren seguir viviendo\u201d.<\/p>\n<p>\u201cApostamos a que haya m\u00e1s desarrollo y crecimiento en nuestro norte. Quiz\u00e1s para algunos son pocas las familias que viven las localidades de la Cu\u00f1a, pero ellas tienen los mismos derechos que el resto de los santafesinos que viven en las grandes ciudades. El departamento Vera tiene mucho futuro y queremos acercarnos a ese futuro para que los vecinos puedan disfrutar de avances y progresos all\u00ed donde eligieron realizar sus vidas\u201d.<\/p>\n","protected":false},"excerpt":{"rendered":"<p>As\u00ed lo anunci\u00f3 el coordinador del Plan del Norte, Sergio Rojas, quien expres\u00f3 que ayer mi\u00e9rcoles 17 se termin\u00f3 de instalar la antena en la localidad. \u201cAll\u00e1 por el a\u00f1o 2016, despu\u00e9s&#46;&#46;&#46;<\/p>\n","protected":false},"author":1,"featured_media":4593,"comment_status":"closed","ping_status":"open","sticky":false,"template":"","format":"standard","meta":[],"categories":[3,14,8],"tags":[],"_links":{"self":[{"href":"https:\/\/www.revistarescatados.com.ar\/web\/wp-json\/wp\/v2\/posts\/4592"}],"collection":[{"href":"https:\/\/www.revistarescatados.com.ar\/web\/wp-json\/wp\/v2\/posts"}],"about":[{"href":"https:\/\/www.revistarescatados.com.ar\/web\/wp-json\/wp\/v2\/types\/post"}],"author":[{"embeddable":true,"href":"https:\/\/www.revistarescatados.com.ar\/web\/wp-json\/wp\/v2\/users\/1"}],"replies":[{"embeddable":true,"href":"https:\/\/www.revistarescatados.com.ar\/web\/wp-json\/wp\/v2\/comments?post=4592"}],"version-history":[{"count":1,"href":"https:\/\/www.revistarescatados.com.ar\/web\/wp-json\/wp\/v2\/posts\/4592\/revisions"}],"predecessor-version":[{"id":4594,"href":"https:\/\/www.revistarescatados.com.ar\/web\/wp-json\/wp\/v2\/posts\/4592\/revisions\/4594"}],"wp:featuredmedia":[{"embeddable":true,"href":"https:\/\/www.revistarescatados.com.ar\/web\/wp-json\/wp\/v2\/media\/4593"}],"wp:attachment":[{"href":"https:\/\/www.revistarescatados.com.ar\/web\/wp-json\/wp\/v2\/media?parent=4592"}],"wp:term":[{"taxonomy":"category","embeddable":true,"href":"https:\/\/www.revistarescatados.com.ar\/web\/wp-json\/wp\/v2\/categories?post=4592"},{"taxonomy":"post_tag","embeddable":true,"href":"https:\/\/www.revistarescatados.com.ar\/web\/wp-json\/wp\/v2\/tags?post=4592"}],"curies":[{"name":"wp","href":"https:\/\/api.w.org\/{rel}","templated":true}]}}