{"id":4595,"date":"2019-04-18T13:43:31","date_gmt":"2019-04-18T16:43:31","guid":{"rendered":"http:\/\/www.revistarescatados.com.ar\/web\/?p=4595"},"modified":"2019-04-18T13:43:31","modified_gmt":"2019-04-18T16:43:31","slug":"imputaron-al-ex-concejal-sanjavierino-como-autor-del-delito-de-aborto-sin-el-consentimiento-de-la-mujer-embarazada","status":"publish","type":"post","link":"https:\/\/www.revistarescatados.com.ar\/web\/2019\/04\/18\/imputaron-al-ex-concejal-sanjavierino-como-autor-del-delito-de-aborto-sin-el-consentimiento-de-la-mujer-embarazada\/","title":{"rendered":"Imputaron al ex concejal sanjavierino como autor del delito de aborto sin el consentimiento de la mujer embarazada"},"content":{"rendered":"<p><img loading=\"lazy\" class=\"aligncenter size-full wp-image-4567\" src=\"http:\/\/www.revistarescatados.com.ar\/web\/wp-content\/uploads\/2019\/04\/sartor-1.jpg\" alt=\"\" width=\"764\" height=\"543\" srcset=\"https:\/\/www.revistarescatados.com.ar\/web\/wp-content\/uploads\/2019\/04\/sartor-1.jpg 764w, https:\/\/www.revistarescatados.com.ar\/web\/wp-content\/uploads\/2019\/04\/sartor-1-300x213.jpg 300w\" sizes=\"(max-width: 764px) 100vw, 764px\" \/><\/p>\n<p><span style=\"color: #0000ff;\"><strong>El fiscal Francisco Cecchini le atribuy\u00f3 el accionar il\u00edcito cometido en San Javier. Tambi\u00e9n le endilg\u00f3 la autor\u00eda de lesiones calificadas por mediar violencia de g\u00e9nero. El viernes ser\u00e1 la audiencia de medidas cautelares, en la que el funcionario del MPA solicitar\u00e1 la prisi\u00f3n preventiva del imputado.<\/strong><\/span><\/p>\n<p>Un hombre de 29 a\u00f1os cuyas iniciales son CYS fue imputado hoy como autor del delito de aborto sin el consentimiento de la mujer embarazada, cometido en la ciudad de San Javiert. La atribuci\u00f3n delictiva la realiz\u00f3 el fiscal Francisco Cecchini en una audiencia llevada a cabo en la ma\u00f1ana de hoy en los tribunales de la ciudad de Santa Fe.<br \/>\nCecchini tambi\u00e9n le atribuy\u00f3 al imputado la autor\u00eda del delito de lesiones calificadas por mediar violencia de g\u00e9nero.<\/p>\n<p><strong><span style=\"color: #0000ff;\">Pastilla abortiva<\/span><\/strong><br \/>\n\u201cLos il\u00edcitos que estamos investigando fueron cometidos en las primeras horas del lunes 15 de abril en la casa de la mujer, que era la pareja del imputado\u201d, inform\u00f3 el fiscal en la audiencia. \u201cMientras la mujer estaba dormida, el hombre investigado le administr\u00f3 contra su voluntad al menos una pastilla abortiva, a sabiendas de que cursaba un embarazo de 14 semanas\u201d, agreg\u00f3.<br \/>\nEl funcionario del MPA tambi\u00e9n indic\u00f3 en la audiencia que \u201cla medicaci\u00f3n provoc\u00f3 que, horas m\u00e1s tarde, se produjera el aborto de la mujer. Adem\u00e1s, de acuerdo a los informes m\u00e9dicos realizados, la mujer sufri\u00f3 lesiones que fueron constatadas\u201d.<\/p>\n<p><strong><span style=\"color: #0000ff;\">Detenci\u00f3n<\/span><\/strong><br \/>\nCYS fue detenido por personal policial en horas de la tarde de ayer en jurisdicci\u00f3n de Helvecia. El imputado se trasladaba en un veh\u00edculo particular junto a familiares con destino a la ciudad de Santa Fe.<br \/>\nPreviamente, se realiz\u00f3 un allanamiento en la casa del hombre investigado en la ciudad de San Javier.<\/p>\n<p><span style=\"color: #0000ff;\"><strong>Prisi\u00f3n preventiva<\/strong><\/span><br \/>\nDe acuerdo a lo informado, la audiencia de medidas cautelares se llevar\u00e1 a cabo el viernes en horario a definir. El fiscal Cecchini adelant\u00f3 que solicitar\u00e1 la prisi\u00f3n preventiva del imputado.<\/p>\n","protected":false},"excerpt":{"rendered":"<p>El fiscal Francisco Cecchini le atribuy\u00f3 el accionar il\u00edcito cometido en San Javier. Tambi\u00e9n le endilg\u00f3 la autor\u00eda de lesiones calificadas por mediar violencia de g\u00e9nero. El viernes ser\u00e1 la audiencia de&#46;&#46;&#46;<\/p>\n","protected":false},"author":1,"featured_media":4567,"comment_status":"closed","ping_status":"open","sticky":false,"template":"","format":"standard","meta":[],"categories":[5,10,8],"tags":[],"_links":{"self":[{"href":"https:\/\/www.revistarescatados.com.ar\/web\/wp-json\/wp\/v2\/posts\/4595"}],"collection":[{"href":"https:\/\/www.revistarescatados.com.ar\/web\/wp-json\/wp\/v2\/posts"}],"about":[{"href":"https:\/\/www.revistarescatados.com.ar\/web\/wp-json\/wp\/v2\/types\/post"}],"author":[{"embeddable":true,"href":"https:\/\/www.revistarescatados.com.ar\/web\/wp-json\/wp\/v2\/users\/1"}],"replies":[{"embeddable":true,"href":"https:\/\/www.revistarescatados.com.ar\/web\/wp-json\/wp\/v2\/comments?post=4595"}],"version-history":[{"count":1,"href":"https:\/\/www.revistarescatados.com.ar\/web\/wp-json\/wp\/v2\/posts\/4595\/revisions"}],"predecessor-version":[{"id":4596,"href":"https:\/\/www.revistarescatados.com.ar\/web\/wp-json\/wp\/v2\/posts\/4595\/revisions\/4596"}],"wp:featuredmedia":[{"embeddable":true,"href":"https:\/\/www.revistarescatados.com.ar\/web\/wp-json\/wp\/v2\/media\/4567"}],"wp:attachment":[{"href":"https:\/\/www.revistarescatados.com.ar\/web\/wp-json\/wp\/v2\/media?parent=4595"}],"wp:term":[{"taxonomy":"category","embeddable":true,"href":"https:\/\/www.revistarescatados.com.ar\/web\/wp-json\/wp\/v2\/categories?post=4595"},{"taxonomy":"post_tag","embeddable":true,"href":"https:\/\/www.revistarescatados.com.ar\/web\/wp-json\/wp\/v2\/tags?post=4595"}],"curies":[{"name":"wp","href":"https:\/\/api.w.org\/{rel}","templated":true}]}}