{"id":4639,"date":"2019-04-22T07:46:04","date_gmt":"2019-04-22T10:46:04","guid":{"rendered":"http:\/\/www.revistarescatados.com.ar\/web\/?p=4639"},"modified":"2019-04-22T07:46:04","modified_gmt":"2019-04-22T10:46:04","slug":"mario-gimenez-preside-la-comision-vecinal-de-barrio-santa-rosa","status":"publish","type":"post","link":"https:\/\/www.revistarescatados.com.ar\/web\/2019\/04\/22\/mario-gimenez-preside-la-comision-vecinal-de-barrio-santa-rosa\/","title":{"rendered":"Mario Gim\u00e9nez preside la comisi\u00f3n vecinal de barrio Santa Rosa"},"content":{"rendered":"<p><img loading=\"lazy\" class=\"aligncenter size-full wp-image-1850\" src=\"http:\/\/www.revistarescatados.com.ar\/web\/wp-content\/uploads\/2018\/09\/Mural-Udes-Santa-Rosa.jpg\" alt=\"\" width=\"1383\" height=\"922\" srcset=\"https:\/\/www.revistarescatados.com.ar\/web\/wp-content\/uploads\/2018\/09\/Mural-Udes-Santa-Rosa.jpg 1383w, https:\/\/www.revistarescatados.com.ar\/web\/wp-content\/uploads\/2018\/09\/Mural-Udes-Santa-Rosa-300x200.jpg 300w, https:\/\/www.revistarescatados.com.ar\/web\/wp-content\/uploads\/2018\/09\/Mural-Udes-Santa-Rosa-768x512.jpg 768w, https:\/\/www.revistarescatados.com.ar\/web\/wp-content\/uploads\/2018\/09\/Mural-Udes-Santa-Rosa-1024x683.jpg 1024w\" sizes=\"(max-width: 1383px) 100vw, 1383px\" \/><\/p>\n<p><span style=\"color: #0000ff;\"><strong>Por ordenanza N\u00ba 1928, el concejo municipal aprob\u00f3 la creaci\u00f3n y conformaci\u00f3n de la comisi\u00f3n, que adem\u00e1s tiene como secretaria a N\u00e9lida Gim\u00e9nez y tesorero a Gustavo Pigh\u00edn.<\/strong><\/span><\/p>\n<p>El pasado 21 de marzo, el concejo municipal sancion\u00f3 la ordenanza N\u00ba 1928\/2019 que crea la comisi\u00f3n vecinal del barrio Santa Rosa de Lima.<\/p>\n<p>La Ordenanza\u00a0 N\u00ba 1887\/2018 regula los requisitos para la constituci\u00f3n de las Comisiones Vecinales, como as\u00ed tambi\u00e9n, los Derechos, Obligaciones\u00a0 y todo lo atinente al funcionamiento de las Comisiones Vecinales.<\/p>\n<p>Seg\u00fan la cronolog\u00eda el 11 de octubre del a\u00f1o pasado, un grupo de Vecinos del Barrio Santa Rosa presentaron la solicitud para constituir la Comisi\u00f3n Vecinal del Barrio Santa Rosa, acompa\u00f1ando para ello, la documentaci\u00f3n requerida por el Art\u00edculo N\u00ba 3 de la Ordenanza N\u00ba 1887\/2018.<\/p>\n<p>El 06\/12\/2018 el Concejo Municipal sancion\u00f3 la Resoluci\u00f3n N\u00ba\u00a0 008\/2018, en la cual se aprob\u00f3 la constituci\u00f3n provisoria de la Comisi\u00f3n Vecinal del Barrio Santa Rosa, fij\u00e1ndose como fecha de los Comicios para la elecci\u00f3n de los Integrantes de dicha Comisi\u00f3n, el d\u00eda 17 de Febrero de 2019. Se estableci\u00f3 adem\u00e1s un plazo de 10 d\u00edas posteriores a la comunicaci\u00f3n de la presente resoluci\u00f3n, para que los candidatos a conformar la Comisi\u00f3n Vecinal, presente por ante este Cuerpo, las distintas listas para su Oficializaci\u00f3n. El 21\/12\/2018 se present\u00f3 una sola lista de candidatos para su oficializaci\u00f3n y a efectos de competir en las elecciones del 17 de Febrero de 2019, para la elecci\u00f3n de la Comisi\u00f3n Vecinal del Barrio Santa Rosa.<\/p>\n<p>El Art\u00edculo N\u00ba 26 de la Ordenanza N\u00ba 1187\/2018 establece: \u201cSi al comicio llegara a participar una \u00fanica lista de candidatos, y esta fuera avalada por un n\u00famero de vecinos igual o superior al 10% (diez por ciento) del padr\u00f3n, podr\u00e1 ser proclamada directamente por la autoridad municipal, sin la realizaci\u00f3n del acto comicial. La lista en cuesti\u00f3n contar\u00e1 con un plazo de 10 d\u00edas posteriores al vencimiento para presentaci\u00f3n de listas, a efectos de cumplimentar el aval del 10% mencionado\u201d.<\/p>\n<p>El 27\/12\/2018 el Honorable Concejo Municipal de la Ciudad de Calchaqu\u00ed, sancion\u00f3 la Resoluci\u00f3n N\u00ba\u00a0 012\/2018, donde aprob\u00f3 y oficializ\u00f3 la \u00fanica lista presentada por los vecinos del Barrio Santa Rosa e inst\u00f3 a la misma a cumplimentar los avales necesarios y regulados por el Art\u00edculo N\u00ba 26 de la Ordenanza N\u00ba 1887\/2018.<\/p>\n<p>Tales avales fueron presentados ante este Cuerpo con fecha 03\/01\/2019, en un todo de acuerdo con lo normado por el Art\u00edculo N\u00ba 26 de la Ordenanza N\u00ba 1887\/2018.<\/p>\n<p>Por todo ello el honorable concejo municipal de Calchaqu\u00ed sancion\u00f3 con fuerza de ordenanza n\u00ba 1928\/2019 la creaci\u00f3n de la Comisi\u00f3n Vecinal del Barrio Santa Rosa, la que estar\u00e1 conformada por los siguientes integrantes:<\/p>\n<p>PRESIDENTE: Gimenez, Mario DNI: 17.468.028<\/p>\n<p>VICEPRESIDENTE: Gonzalez, Mar\u00eda Luisa DNI: 17.468.070<\/p>\n<p>SECRETRIO: Gimenez, N\u00e9lida Noem\u00ed DNI: 34.528.384<\/p>\n<p>PRO SECRETARIO: Peralta, Emilio Ram\u00f3n DNI: 31.585.384<\/p>\n<p>TESORERO: Pigh\u00edn, Gustavo Gabriel DNI: 28.526.392<\/p>\n<p>PRO TESORERO: Aguirre, Ana Clara DNI: 31.385.536<\/p>\n<p>VOCALES TITULARES:<\/p>\n<ol>\n<li>Fumis, Juan Carlos DNI: 16.613.682<\/li>\n<li>Zimmermann, N\u00e9lida Ester DNI: 11.095.989<\/li>\n<li>Franco, Silvia Liliana DNI: 24.652.043<\/li>\n<\/ol>\n<p>VOCALES SUPLENTES:<\/p>\n<ol>\n<li>Helse, Antonio Javier DNI: 32.902.705<\/li>\n<li>Galarza, Mar\u00eda Bel\u00e9n DNI: 41.256.731<\/li>\n<li>Gazzo, Silvia Viviana DNI: 16.613.612<\/li>\n<\/ol>\n<p>Se reconoce a la Vecinal del Barrio Santa Rosa, todos los Derechos que le otorga la Ordenanza N\u00ba 1887\/2018 en su Art\u00edculo N\u00ba 9 a excepci\u00f3n de los incisos b), c), d) y e); los cuales podr\u00e1n ser adquiridos plenamente cuando cumplimenten las Obligaciones que se desprenden de los incisos a) y d) del Art\u00edculo N\u00b010 de la mencionada Norma, en orden a un correcto funcionamiento de la misma. Tampoco podr\u00e1 disponer de Fondos y Bienes (Titulo VI \u201cDe los Fondos y los Bienes\u201d Articulo 34, 35 y 36 Ordenanza 1887\/2018), mientras no cumplimente las Obligaciones del Art\u00edculo 10 de la Ordenanza 1887\/2018, mencionados anteriormente.<\/p>\n<p>La Comisi\u00f3n Vecinal del Barrio Santa Rosa tendr\u00e1 como \u00e1mbito de actuaci\u00f3n, las delimitaciones geogr\u00e1ficas del Barrio Santa Rosa.<\/p>\n<p>Se invit\u00f3 a los Integrantes de la Comisi\u00f3n Vecinal del Barrio Santa Rosa al Recinto del Honorable Concejo Municipal, a recibir una copia de la normativa.<\/p>\n","protected":false},"excerpt":{"rendered":"<p>Por ordenanza N\u00ba 1928, el concejo municipal aprob\u00f3 la creaci\u00f3n y conformaci\u00f3n de la comisi\u00f3n, que adem\u00e1s tiene como secretaria a N\u00e9lida Gim\u00e9nez y tesorero a Gustavo Pigh\u00edn. El pasado 21 de&#46;&#46;&#46;<\/p>\n","protected":false},"author":1,"featured_media":1850,"comment_status":"closed","ping_status":"open","sticky":false,"template":"","format":"standard","meta":[],"categories":[2,3,10,8],"tags":[],"_links":{"self":[{"href":"https:\/\/www.revistarescatados.com.ar\/web\/wp-json\/wp\/v2\/posts\/4639"}],"collection":[{"href":"https:\/\/www.revistarescatados.com.ar\/web\/wp-json\/wp\/v2\/posts"}],"about":[{"href":"https:\/\/www.revistarescatados.com.ar\/web\/wp-json\/wp\/v2\/types\/post"}],"author":[{"embeddable":true,"href":"https:\/\/www.revistarescatados.com.ar\/web\/wp-json\/wp\/v2\/users\/1"}],"replies":[{"embeddable":true,"href":"https:\/\/www.revistarescatados.com.ar\/web\/wp-json\/wp\/v2\/comments?post=4639"}],"version-history":[{"count":1,"href":"https:\/\/www.revistarescatados.com.ar\/web\/wp-json\/wp\/v2\/posts\/4639\/revisions"}],"predecessor-version":[{"id":4640,"href":"https:\/\/www.revistarescatados.com.ar\/web\/wp-json\/wp\/v2\/posts\/4639\/revisions\/4640"}],"wp:featuredmedia":[{"embeddable":true,"href":"https:\/\/www.revistarescatados.com.ar\/web\/wp-json\/wp\/v2\/media\/1850"}],"wp:attachment":[{"href":"https:\/\/www.revistarescatados.com.ar\/web\/wp-json\/wp\/v2\/media?parent=4639"}],"wp:term":[{"taxonomy":"category","embeddable":true,"href":"https:\/\/www.revistarescatados.com.ar\/web\/wp-json\/wp\/v2\/categories?post=4639"},{"taxonomy":"post_tag","embeddable":true,"href":"https:\/\/www.revistarescatados.com.ar\/web\/wp-json\/wp\/v2\/tags?post=4639"}],"curies":[{"name":"wp","href":"https:\/\/api.w.org\/{rel}","templated":true}]}}