{"id":4702,"date":"2019-04-24T17:50:31","date_gmt":"2019-04-24T20:50:31","guid":{"rendered":"http:\/\/www.revistarescatados.com.ar\/web\/?p=4702"},"modified":"2019-04-24T23:58:15","modified_gmt":"2019-04-25T02:58:15","slug":"el-senador-sosa-se-reunio-con-estudiantes-y-profesores-de-margarita","status":"publish","type":"post","link":"https:\/\/www.revistarescatados.com.ar\/web\/2019\/04\/24\/el-senador-sosa-se-reunio-con-estudiantes-y-profesores-de-margarita\/","title":{"rendered":"El senador Sosa se reuni\u00f3 con estudiantes y profesores de Margarita"},"content":{"rendered":"<p><img loading=\"lazy\" class=\"aligncenter size-full wp-image-4703\" src=\"http:\/\/www.revistarescatados.com.ar\/web\/wp-content\/uploads\/2019\/04\/Sosa-y-estudiantes.jpg\" alt=\"\" width=\"960\" height=\"540\" srcset=\"https:\/\/www.revistarescatados.com.ar\/web\/wp-content\/uploads\/2019\/04\/Sosa-y-estudiantes.jpg 960w, https:\/\/www.revistarescatados.com.ar\/web\/wp-content\/uploads\/2019\/04\/Sosa-y-estudiantes-300x169.jpg 300w, https:\/\/www.revistarescatados.com.ar\/web\/wp-content\/uploads\/2019\/04\/Sosa-y-estudiantes-768x432.jpg 768w\" sizes=\"(max-width: 960px) 100vw, 960px\" \/><\/p>\n<p><span style=\"color: #0000ff;\"><strong>Preocupa la cantidad de estudiantes de distintas localidades que hacen dedo a la vera de la Ruta Nac. N\u00b0 11, para poder llegar a los distintos institutos. Son m\u00e1s de 90 los estudiantes solamente de Margarita que viajan a las ciudades de Calchaqu\u00ed y Vera para poder cursar.<\/strong><\/span><\/p>\n<p>A algunos se les hace imposible poder pagar un boleto todos los d\u00edas, llegan a hacer una gran traves\u00eda a diario para poder estudiar o poder recibirse. Se reunieron con el Senador por el Departamento Vera Osvaldo Sosa, junto al candidato a Presidente Comunal de Margarita Pedro Alvarenga, quienes escucharon la problem\u00e1tica de los estudiantes y profesores locales.<\/p>\n<p>No tener un medio pasaje, un transporte a horario y no alcanza un s\u00f3lo micro para la cantidad de estudiantes, fueron algunas de las inquietudes que se trataron.<\/p>\n<p>Tambi\u00e9n se habl\u00f3 de independizar al Instituto que se encuentra en la Ciudad de Calchaqu\u00ed, el cual ocupa el edificio de la escuela 448. Se habl\u00f3 tambi\u00e9n de un anexo del Instituto, posiblemente a futuro en Margarita, seg\u00fan public\u00f3 el portal &#8220;Al mediod\u00eda con todos&#8221;.<\/p>\n<p>&#8220;Despu\u00e9s de intercambiar ideas y problem\u00e1ticas vamos a seguir trabajando para que cada joven de nuestro departamento tenga las mismas posibilidades de estudiar y pueda desarrollarse como profesional y como ser humano&#8221;, enfatiz\u00f3 el senador.<\/p>\n","protected":false},"excerpt":{"rendered":"<p>Preocupa la cantidad de estudiantes de distintas localidades que hacen dedo a la vera de la Ruta Nac. N\u00b0 11, para poder llegar a los distintos institutos. Son m\u00e1s de 90 los&#46;&#46;&#46;<\/p>\n","protected":false},"author":1,"featured_media":4703,"comment_status":"closed","ping_status":"open","sticky":false,"template":"","format":"standard","meta":[],"categories":[3,13,8],"tags":[],"_links":{"self":[{"href":"https:\/\/www.revistarescatados.com.ar\/web\/wp-json\/wp\/v2\/posts\/4702"}],"collection":[{"href":"https:\/\/www.revistarescatados.com.ar\/web\/wp-json\/wp\/v2\/posts"}],"about":[{"href":"https:\/\/www.revistarescatados.com.ar\/web\/wp-json\/wp\/v2\/types\/post"}],"author":[{"embeddable":true,"href":"https:\/\/www.revistarescatados.com.ar\/web\/wp-json\/wp\/v2\/users\/1"}],"replies":[{"embeddable":true,"href":"https:\/\/www.revistarescatados.com.ar\/web\/wp-json\/wp\/v2\/comments?post=4702"}],"version-history":[{"count":3,"href":"https:\/\/www.revistarescatados.com.ar\/web\/wp-json\/wp\/v2\/posts\/4702\/revisions"}],"predecessor-version":[{"id":4711,"href":"https:\/\/www.revistarescatados.com.ar\/web\/wp-json\/wp\/v2\/posts\/4702\/revisions\/4711"}],"wp:featuredmedia":[{"embeddable":true,"href":"https:\/\/www.revistarescatados.com.ar\/web\/wp-json\/wp\/v2\/media\/4703"}],"wp:attachment":[{"href":"https:\/\/www.revistarescatados.com.ar\/web\/wp-json\/wp\/v2\/media?parent=4702"}],"wp:term":[{"taxonomy":"category","embeddable":true,"href":"https:\/\/www.revistarescatados.com.ar\/web\/wp-json\/wp\/v2\/categories?post=4702"},{"taxonomy":"post_tag","embeddable":true,"href":"https:\/\/www.revistarescatados.com.ar\/web\/wp-json\/wp\/v2\/tags?post=4702"}],"curies":[{"name":"wp","href":"https:\/\/api.w.org\/{rel}","templated":true}]}}