{"id":4707,"date":"2019-04-24T18:26:05","date_gmt":"2019-04-24T21:26:05","guid":{"rendered":"http:\/\/www.revistarescatados.com.ar\/web\/?p=4707"},"modified":"2019-04-24T18:26:05","modified_gmt":"2019-04-24T21:26:05","slug":"llovizna-otonal-en-calchaqui-y-la-region","status":"publish","type":"post","link":"https:\/\/www.revistarescatados.com.ar\/web\/2019\/04\/24\/llovizna-otonal-en-calchaqui-y-la-region\/","title":{"rendered":"Llovizna oto\u00f1al en Calchaqu\u00ed y la regi\u00f3n"},"content":{"rendered":"<p><img loading=\"lazy\" class=\"aligncenter size-full wp-image-422\" src=\"http:\/\/www.revistarescatados.com.ar\/web\/wp-content\/uploads\/2018\/05\/lluvia-en-calchaqui.jpg\" alt=\"\" width=\"1101\" height=\"684\" srcset=\"https:\/\/www.revistarescatados.com.ar\/web\/wp-content\/uploads\/2018\/05\/lluvia-en-calchaqui.jpg 1101w, https:\/\/www.revistarescatados.com.ar\/web\/wp-content\/uploads\/2018\/05\/lluvia-en-calchaqui-300x186.jpg 300w, https:\/\/www.revistarescatados.com.ar\/web\/wp-content\/uploads\/2018\/05\/lluvia-en-calchaqui-768x477.jpg 768w, https:\/\/www.revistarescatados.com.ar\/web\/wp-content\/uploads\/2018\/05\/lluvia-en-calchaqui-1024x636.jpg 1024w\" sizes=\"(max-width: 1101px) 100vw, 1101px\" \/><\/p>\n<p><span style=\"color: #0000ff;\"><strong>La Unidad Regional 19 inform\u00f3 los datos de lluvia del departamento Vera hasta las 18 horas de este mi\u00e9rcoles 24 de abril.<\/strong><\/span><\/p>\n<p>VERA 15MM<\/p>\n<p>CALCHAQUI 10MM<\/p>\n<p>FORTIN OLMOS 20MM<\/p>\n<p>MARGARITA 25MM<\/p>\n<p>LA GALLARETA 10MM<\/p>\n<p>INTIYACO 15MM<\/p>\n<p>GARABATO 15MM<\/p>\n<p>TOBA 30MM<\/p>\n<p>URXIX, VERA 24 DE ABRIL 2019<\/p>\n","protected":false},"excerpt":{"rendered":"<p>La Unidad Regional 19 inform\u00f3 los datos de lluvia del departamento Vera hasta las 18 horas de este mi\u00e9rcoles 24 de abril. VERA 15MM CALCHAQUI 10MM FORTIN OLMOS 20MM MARGARITA 25MM LA&#46;&#46;&#46;<\/p>\n","protected":false},"author":1,"featured_media":422,"comment_status":"closed","ping_status":"open","sticky":false,"template":"","format":"standard","meta":[],"categories":[2,3],"tags":[],"_links":{"self":[{"href":"https:\/\/www.revistarescatados.com.ar\/web\/wp-json\/wp\/v2\/posts\/4707"}],"collection":[{"href":"https:\/\/www.revistarescatados.com.ar\/web\/wp-json\/wp\/v2\/posts"}],"about":[{"href":"https:\/\/www.revistarescatados.com.ar\/web\/wp-json\/wp\/v2\/types\/post"}],"author":[{"embeddable":true,"href":"https:\/\/www.revistarescatados.com.ar\/web\/wp-json\/wp\/v2\/users\/1"}],"replies":[{"embeddable":true,"href":"https:\/\/www.revistarescatados.com.ar\/web\/wp-json\/wp\/v2\/comments?post=4707"}],"version-history":[{"count":1,"href":"https:\/\/www.revistarescatados.com.ar\/web\/wp-json\/wp\/v2\/posts\/4707\/revisions"}],"predecessor-version":[{"id":4708,"href":"https:\/\/www.revistarescatados.com.ar\/web\/wp-json\/wp\/v2\/posts\/4707\/revisions\/4708"}],"wp:featuredmedia":[{"embeddable":true,"href":"https:\/\/www.revistarescatados.com.ar\/web\/wp-json\/wp\/v2\/media\/422"}],"wp:attachment":[{"href":"https:\/\/www.revistarescatados.com.ar\/web\/wp-json\/wp\/v2\/media?parent=4707"}],"wp:term":[{"taxonomy":"category","embeddable":true,"href":"https:\/\/www.revistarescatados.com.ar\/web\/wp-json\/wp\/v2\/categories?post=4707"},{"taxonomy":"post_tag","embeddable":true,"href":"https:\/\/www.revistarescatados.com.ar\/web\/wp-json\/wp\/v2\/tags?post=4707"}],"curies":[{"name":"wp","href":"https:\/\/api.w.org\/{rel}","templated":true}]}}