{"id":4767,"date":"2019-04-28T22:44:42","date_gmt":"2019-04-29T01:44:42","guid":{"rendered":"http:\/\/www.revistarescatados.com.ar\/web\/?p=4767"},"modified":"2019-04-28T22:44:42","modified_gmt":"2019-04-29T01:44:42","slug":"omar-perotti-gana-ampliamente-como-gobernador-en-calchaqui","status":"publish","type":"post","link":"https:\/\/www.revistarescatados.com.ar\/web\/2019\/04\/28\/omar-perotti-gana-ampliamente-como-gobernador-en-calchaqui\/","title":{"rendered":"Omar Perotti gana ampliamente como gobernador en Calchaqu\u00ed"},"content":{"rendered":"<p><img loading=\"lazy\" class=\"aligncenter size-full wp-image-4279\" src=\"http:\/\/www.revistarescatados.com.ar\/web\/wp-content\/uploads\/2019\/03\/perotti.jpg\" alt=\"\" width=\"1382\" height=\"808\" srcset=\"https:\/\/www.revistarescatados.com.ar\/web\/wp-content\/uploads\/2019\/03\/perotti.jpg 1382w, https:\/\/www.revistarescatados.com.ar\/web\/wp-content\/uploads\/2019\/03\/perotti-300x175.jpg 300w, https:\/\/www.revistarescatados.com.ar\/web\/wp-content\/uploads\/2019\/03\/perotti-768x449.jpg 768w, https:\/\/www.revistarescatados.com.ar\/web\/wp-content\/uploads\/2019\/03\/perotti-1024x599.jpg 1024w\" sizes=\"(max-width: 1382px) 100vw, 1382px\" \/><\/p>\n<p><span style=\"color: #0000ff;\"><strong>El senador nacional se impone holgadamente en la interna justicialista a Mar\u00eda Bielsa, en segundo lugar se ubica Antonio Bonfatti y en tercer lugar Jos\u00e9 Corral.<\/strong><\/span><\/p>\n<div id=\"resultados_contenedor\">\n<div id=\"detalles\">\n<div id=\"cuerpo\" class=\"col-sm-7 col-sm-pull-5 col-md-8 col-md-pull-4 col-lg-8 pl-0\">\n<div class=\"table-responsive\">\n<div class=\"bootstrap-table\">\n<div class=\"fixed-table-container\">\n<div class=\"fixed-table-body\">\n<table id=\"table\" class=\"table table-striped\" data-row-style=\"rowStyle\">\n<tbody>\n<tr class=\"active fila-partido table-mayuscula\" data-index=\"0\">\n<td><img loading=\"lazy\" src=\"https:\/\/elecciones.santafe.gob.ar\/imagenes\/21032019163053.jpg\" width=\"50\" height=\"50\" \/><\/td>\n<td>FRENTE PROGRESISTA C\u00cdVICO Y SOCIAL<\/td>\n<td class=\"number\"><\/td>\n<td class=\"number\"><\/td>\n<\/tr>\n<tr class=\"fila-candidato-th\">\n<th>\n<div class=\"th-inner\">Logo<\/div>\n<div class=\"fht-cell\"><\/div>\n<\/th>\n<th>\n<div class=\"th-inner\">Candidato<\/div>\n<div class=\"fht-cell\"><\/div>\n<\/th>\n<th>\n<div class=\"th-inner\">Votos<\/div>\n<div class=\"fht-cell\"><\/div>\n<\/th>\n<th>\n<div class=\"th-inner\">Porcentaje<\/div>\n<div class=\"fht-cell\"><\/div>\n<\/th>\n<\/tr>\n<tr class=\"table-mayuscula candidato-lista celeste\" data-index=\"1\">\n<td><img loading=\"lazy\" src=\"https:\/\/elecciones.santafe.gob.ar\/imagenes\/cand_4175_8412852.jpeg\" width=\"50\" height=\"50\" \/><\/td>\n<td>BONFATTI ANTONIO JUAN<\/td>\n<td class=\"number\">516<\/td>\n<td class=\"number\">100,00%<\/td>\n<\/tr>\n<tr class=\"active fila-partido table-mayuscula\" data-index=\"2\">\n<td><img loading=\"lazy\" src=\"https:\/\/elecciones.santafe.gob.ar\/imagenes\/23032019094022.jpg\" width=\"50\" height=\"50\" \/><\/td>\n<td>NUEVA IZQUIERDA<\/td>\n<td class=\"number\"><\/td>\n<td class=\"number\"><\/td>\n<\/tr>\n<tr class=\"fila-candidato-th\">\n<th>\n<div class=\"th-inner\">Logo<\/div>\n<div class=\"fht-cell\"><\/div>\n<\/th>\n<th>\n<div class=\"th-inner\">Candidato<\/div>\n<div class=\"fht-cell\"><\/div>\n<\/th>\n<th>\n<div class=\"th-inner\">Votos<\/div>\n<div class=\"fht-cell\"><\/div>\n<\/th>\n<th>\n<div class=\"th-inner\">Porcentaje<\/div>\n<div class=\"fht-cell\"><\/div>\n<\/th>\n<\/tr>\n<tr class=\"table-mayuscula candidato-lista celeste\" data-index=\"3\">\n<td><img loading=\"lazy\" src=\"https:\/\/elecciones.santafe.gob.ar\/imagenes\/cand_703_29924648.jpeg\" width=\"50\" height=\"50\" \/><\/td>\n<td>SOSA MARIA JIMENA<\/td>\n<td class=\"number\">63<\/td>\n<td class=\"number\">100,00%<\/td>\n<\/tr>\n<tr class=\"active fila-partido table-mayuscula\" data-index=\"4\">\n<td><img loading=\"lazy\" src=\"https:\/\/elecciones.santafe.gob.ar\/imagenes\/22032019144314.jpg\" width=\"50\" height=\"50\" \/><\/td>\n<td>JUNTOS<\/td>\n<td class=\"number\"><\/td>\n<td class=\"number\"><\/td>\n<\/tr>\n<tr class=\"fila-candidato-th\">\n<th>\n<div class=\"th-inner\">Logo<\/div>\n<div class=\"fht-cell\"><\/div>\n<\/th>\n<th>\n<div class=\"th-inner\">Candidato<\/div>\n<div class=\"fht-cell\"><\/div>\n<\/th>\n<th>\n<div class=\"th-inner\">Votos<\/div>\n<div class=\"fht-cell\"><\/div>\n<\/th>\n<th>\n<div class=\"th-inner\">Porcentaje<\/div>\n<div class=\"fht-cell\"><\/div>\n<\/th>\n<\/tr>\n<tr class=\"table-mayuscula candidato-lista celeste\" data-index=\"5\">\n<td><img loading=\"lazy\" src=\"https:\/\/elecciones.santafe.gob.ar\/imagenes\/20190326102542_cand_13176_13476084.jpeg\" width=\"50\" height=\"50\" \/><\/td>\n<td>PEROTTI OMAR ANGEL<\/td>\n<td class=\"number\">1.209<\/td>\n<td class=\"number\">85,74%<\/td>\n<\/tr>\n<tr class=\"table-mayuscula candidato-lista blanco\" data-index=\"6\">\n<td><img loading=\"lazy\" src=\"https:\/\/elecciones.santafe.gob.ar\/imagenes\/cand_15321_12480314.jpeg\" width=\"50\" height=\"50\" \/><\/td>\n<td>BIELSA MARIA EUGENIA<\/td>\n<td class=\"number\">201<\/td>\n<td class=\"number\">14,26%<\/td>\n<\/tr>\n<tr class=\"active fila-partido table-mayuscula\" data-index=\"7\">\n<td><img loading=\"lazy\" src=\"https:\/\/elecciones.santafe.gob.ar\/imagenes\/21032019161636.jpg\" width=\"50\" height=\"50\" \/><\/td>\n<td>FRENTE DE IZQUIERDA Y DE LOS TRABAJADORES<\/td>\n<td class=\"number\"><\/td>\n<td class=\"number\"><\/td>\n<\/tr>\n<tr class=\"fila-candidato-th\">\n<th>\n<div class=\"th-inner\">Logo<\/div>\n<div class=\"fht-cell\"><\/div>\n<\/th>\n<th>\n<div class=\"th-inner\">Candidato<\/div>\n<div class=\"fht-cell\"><\/div>\n<\/th>\n<th>\n<div class=\"th-inner\">Votos<\/div>\n<div class=\"fht-cell\"><\/div>\n<\/th>\n<th>\n<div class=\"th-inner\">Porcentaje<\/div>\n<div class=\"fht-cell\"><\/div>\n<\/th>\n<\/tr>\n<tr class=\"table-mayuscula candidato-lista celeste\" data-index=\"8\">\n<td><img loading=\"lazy\" src=\"https:\/\/elecciones.santafe.gob.ar\/imagenes\/cand_16772_27332283.jpeg\" width=\"50\" height=\"50\" \/><\/td>\n<td>CRIVARO OCTAVIO<\/td>\n<td class=\"number\">31<\/td>\n<td class=\"number\">100,00%<\/td>\n<\/tr>\n<tr class=\"active fila-partido table-mayuscula\" data-index=\"9\">\n<td><img loading=\"lazy\" src=\"https:\/\/elecciones.santafe.gob.ar\/imagenes\/28032019173545.jpg\" width=\"50\" height=\"50\" \/><\/td>\n<td>CAMBIEMOS<\/td>\n<td class=\"number\"><\/td>\n<td class=\"number\"><\/td>\n<\/tr>\n<tr class=\"fila-candidato-th\">\n<th>\n<div class=\"th-inner\">Logo<\/div>\n<div class=\"fht-cell\"><\/div>\n<\/th>\n<th>\n<div class=\"th-inner\">Candidato<\/div>\n<div class=\"fht-cell\"><\/div>\n<\/th>\n<th>\n<div class=\"th-inner\">Votos<\/div>\n<div class=\"fht-cell\"><\/div>\n<\/th>\n<th>\n<div class=\"th-inner\">Porcentaje<\/div>\n<div class=\"fht-cell\"><\/div>\n<\/th>\n<\/tr>\n<tr class=\"table-mayuscula candidato-lista celeste\" data-index=\"10\">\n<td><img loading=\"lazy\" src=\"https:\/\/elecciones.santafe.gob.ar\/imagenes\/cand_17578_20403365.jpeg\" width=\"50\" height=\"50\" \/><\/td>\n<td>CORRAL JOSE MANUEL<\/td>\n<td class=\"number\">374<\/td>\n<td class=\"number\">100,00%<\/td>\n<\/tr>\n<tr class=\"active fila-partido table-mayuscula\" data-index=\"11\">\n<td><img loading=\"lazy\" src=\"https:\/\/elecciones.santafe.gob.ar\/imagenes\/21032019161956.jpg\" width=\"50\" height=\"50\" \/><\/td>\n<td>ESPACIO GRANDE<\/td>\n<td class=\"number\"><\/td>\n<td class=\"number\"><\/td>\n<\/tr>\n<tr class=\"fila-candidato-th\">\n<th>\n<div class=\"th-inner\">Logo<\/div>\n<div class=\"fht-cell\"><\/div>\n<\/th>\n<th>\n<div class=\"th-inner\">Candidato<\/div>\n<div class=\"fht-cell\"><\/div>\n<\/th>\n<th>\n<div class=\"th-inner\">Votos<\/div>\n<div class=\"fht-cell\"><\/div>\n<\/th>\n<th>\n<div class=\"th-inner\">Porcentaje<\/div>\n<div class=\"fht-cell\"><\/div>\n<\/th>\n<\/tr>\n<tr class=\"table-mayuscula candidato-lista celeste\" data-index=\"12\">\n<td><img loading=\"lazy\" src=\"https:\/\/elecciones.santafe.gob.ar\/imagenes\/cand_7246_6250892.jpeg\" width=\"50\" height=\"50\" \/><\/td>\n<td>MARTINO JUAN ANTONIO<\/td>\n<td class=\"number\">28<\/td>\n<td class=\"number\">100,00%<\/td>\n<\/tr>\n<tr class=\"active fila-partido table-mayuscula\" data-index=\"13\">\n<td><img loading=\"lazy\" src=\"https:\/\/elecciones.santafe.gob.ar\/imagenes\/21032019161834.jpg\" width=\"50\" height=\"50\" \/><\/td>\n<td>ALTERNATIVA FEDERAL<\/td>\n<td class=\"number\"><\/td>\n<td class=\"number\"><\/td>\n<\/tr>\n<tr class=\"fila-candidato-th\">\n<th>\n<div class=\"th-inner\">Logo<\/div>\n<div class=\"fht-cell\"><\/div>\n<\/th>\n<th>\n<div class=\"th-inner\">Candidato<\/div>\n<div class=\"fht-cell\"><\/div>\n<\/th>\n<th>\n<div class=\"th-inner\">Votos<\/div>\n<div class=\"fht-cell\"><\/div>\n<\/th>\n<th>\n<div class=\"th-inner\">Porcentaje<\/div>\n<div class=\"fht-cell\"><\/div>\n<\/th>\n<\/tr>\n<tr class=\"table-mayuscula candidato-lista celeste\" data-index=\"14\">\n<td><img loading=\"lazy\" src=\"https:\/\/elecciones.santafe.gob.ar\/imagenes\/cand_12884_17222892.jpeg\" width=\"50\" height=\"50\" \/><\/td>\n<td>DI BERT PABLO FERNANDO<\/td>\n<td class=\"number\">27<\/td>\n<td class=\"number\">100,00%<\/td>\n<\/tr>\n<\/tbody>\n<\/table>\n<\/div>\n<\/div>\n<\/div>\n<div class=\"clearfix\"><\/div>\n<\/div>\n<div><\/div>\n<\/div>\n<\/div>\n<\/div>\n","protected":false},"excerpt":{"rendered":"<p>El senador nacional se impone holgadamente en la interna justicialista a Mar\u00eda Bielsa, en segundo lugar se ubica Antonio Bonfatti y en tercer lugar Jos\u00e9 Corral. FRENTE PROGRESISTA C\u00cdVICO Y SOCIAL Logo&#46;&#46;&#46;<\/p>\n","protected":false},"author":1,"featured_media":4279,"comment_status":"closed","ping_status":"open","sticky":false,"template":"","format":"standard","meta":[],"categories":[2,3,13],"tags":[],"_links":{"self":[{"href":"https:\/\/www.revistarescatados.com.ar\/web\/wp-json\/wp\/v2\/posts\/4767"}],"collection":[{"href":"https:\/\/www.revistarescatados.com.ar\/web\/wp-json\/wp\/v2\/posts"}],"about":[{"href":"https:\/\/www.revistarescatados.com.ar\/web\/wp-json\/wp\/v2\/types\/post"}],"author":[{"embeddable":true,"href":"https:\/\/www.revistarescatados.com.ar\/web\/wp-json\/wp\/v2\/users\/1"}],"replies":[{"embeddable":true,"href":"https:\/\/www.revistarescatados.com.ar\/web\/wp-json\/wp\/v2\/comments?post=4767"}],"version-history":[{"count":1,"href":"https:\/\/www.revistarescatados.com.ar\/web\/wp-json\/wp\/v2\/posts\/4767\/revisions"}],"predecessor-version":[{"id":4768,"href":"https:\/\/www.revistarescatados.com.ar\/web\/wp-json\/wp\/v2\/posts\/4767\/revisions\/4768"}],"wp:featuredmedia":[{"embeddable":true,"href":"https:\/\/www.revistarescatados.com.ar\/web\/wp-json\/wp\/v2\/media\/4279"}],"wp:attachment":[{"href":"https:\/\/www.revistarescatados.com.ar\/web\/wp-json\/wp\/v2\/media?parent=4767"}],"wp:term":[{"taxonomy":"category","embeddable":true,"href":"https:\/\/www.revistarescatados.com.ar\/web\/wp-json\/wp\/v2\/categories?post=4767"},{"taxonomy":"post_tag","embeddable":true,"href":"https:\/\/www.revistarescatados.com.ar\/web\/wp-json\/wp\/v2\/tags?post=4767"}],"curies":[{"name":"wp","href":"https:\/\/api.w.org\/{rel}","templated":true}]}}